{"id":1367,"date":"2017-10-30T12:08:53","date_gmt":"2017-10-30T12:08:53","guid":{"rendered":"http:\/\/aiic.pt\/?p=1367"},"modified":"2017-10-30T12:15:40","modified_gmt":"2017-10-30T12:15:40","slug":"conclusoes-do-x-congresso-da-associacao-de-imprensa-de-inspiracao-crista-aic","status":"publish","type":"post","link":"https:\/\/aiic.pt\/index.php\/conclusoes-do-x-congresso-da-associacao-de-imprensa-de-inspiracao-crista-aic\/","title":{"rendered":"Conclus\u00f5es do X Congresso da Associa\u00e7\u00e3o de Imprensa de Inspira\u00e7\u00e3o Crist\u00e3 (AIC)"},"content":{"rendered":"<p><strong>CONCLUS\u00d5ES<\/strong><\/p>\n<p>A meio da ponte rumo ao futuro \u00e9 o lema o X Congresso da Associa\u00e7\u00e3o de Imprensa de Inspira\u00e7\u00e3o Crist\u00e3 (AIC) que decorreu no Convento dos Capuchos, em Almada, entre os dias 26 e 28 de outubro de 2017, que se enquadrou nas comemora\u00e7\u00f5es dos 25 anos da funda\u00e7\u00e3o da Associa\u00e7\u00e3o.<!--more--><\/p>\n<p>O congresso colheu o imagin\u00e1rio da ponte o itiner\u00e1rio para os debates que prop\u00f4s aos participantes. Primeiro, para identificar a relev\u00e2ncia da imprensa regional, nomeadamente a de inspira\u00e7\u00e3o crist\u00e3, ao longo da Hist\u00f3ria; depois para avaliar a tens\u00e3o em curso em muitos t\u00edtulos, nomeadamente entre o papel e o pixel, o impresso e o digital; indicando, num terceiro momento, que modelo empresarial e editorial deve ser assumido pelos t\u00edtulos da AIC, no contexto atual.<\/p>\n<p>&nbsp;<\/p>\n<ol>\n<li><strong>Comunica\u00e7\u00e3o: uma marca do cristianismo<\/strong><\/li>\n<\/ol>\n<p>E o verbo fez-se digital\u201d nestes novos tempos da comunica\u00e7\u00e3o. \u201cA Igreja n\u00e3o deve ter medo de comunicar\u201d, lembrou Jos\u00e9 Ornelas, bispo de Set\u00fabal, na abertura do Congresso, acrescentando que comunicar \u201c\u00e9 p\u00f4r-se numa arena feroz, e tantas vezes selvagem. Da\u00ed o medo de muitos, na Igreja, de expor-se deste modo. Mas \u00e9 determinante estar presente, com transpar\u00eancia e coer\u00eancia\u201d.<\/p>\n<p>&nbsp;<\/p>\n<ol start=\"2\">\n<li><strong>Do lado de c\u00e1<\/strong><\/li>\n<\/ol>\n<p>\u201cSe Jesus Cristo vivesse hoje teria Facebook\u201d defendeu o jornalista da ag\u00eancia Lusa Paulo Agostinho, que referiu ainda que a imprensa de inspira\u00e7\u00e3o crist\u00e3 \u201cn\u00e3o \u00e9 um modelo de neg\u00f3cio\u201d e representa t\u00edtulos que d\u00e3o primazia \u00e0 opini\u00e3o, identificando-se dessa forma com tend\u00eancias editoriais da atualidade. Um dos t\u00edtulos centen\u00e1rios que perdura no tempo \u00e9 o Amigo do Povo. Um bom sinal de longevidade e de presen\u00e7a do jornalismo de proximidade, exemplo apresentado pelo seu diretor, padre Jesus Ramos. Ainda durante o primeiro painel o padre Adelino Ascenso, presidente dos IMAG, diante do mandato b\u00edblico \u201cide e anunciai\u201d, sublinhou a necessidade de dizer tamb\u00e9m \u201cide e silenciai\u201d, \u201cide e escutai\u201d, \u201cide e aprendei\u201d, \u201cide e acompanhai\u201d, \u201cide e estai com\u201d. Sugere, ainda, que \u00e9 necess\u00e1rio \u201crepensar o paradigma da miss\u00e3o\u201d, a narrar nos media de \u201cforma convincente\u201d.<\/p>\n<p>&nbsp;<\/p>\n<ol start=\"3\">\n<li><strong>A meio da ponte\u2026<\/strong><\/li>\n<\/ol>\n<p>\u201cA imprensa de inspira\u00e7\u00e3o crist\u00e3 tem como target o p\u00fablico mais &#8216;sexy&#8217; que h\u00e1 na sociedade\u201d, ou seja, os pr\u00f3ximos anos v\u00e3o ser das gera\u00e7\u00f5es com 60 e 70 anos, \u201co p\u00fablico alvo dos t\u00edtulos da AIC\u201d defendeu Carlos Liz, especialista em estudos de mercado. Ainda durante o segundo painel, foi apresentado o projeto de desenvolvimento tecnol\u00f3gico do Di\u00e1rio do Minho, que ter\u00e1 nos pr\u00f3ximos dias um novo portal online com imagem renovada e linguagem atualizada. \u201cN\u00e3o se pode ficar parado\u201d, disse o seu diretor, Dami\u00e3o Pereira, afirmando a necessidade de investimentos no setor por parte dos respons\u00e1veis da Igreja Cat\u00f3lica.<\/p>\n<p>&nbsp;<\/p>\n<ol start=\"4\">\n<li><strong>Para o lado de l\u00e1\u2026<\/strong><\/li>\n<\/ol>\n<p>\u201cJuntos somos mais fortes, n\u00e3o apenas para reivindicar apoios\u201d, mas para unir esfor\u00e7os defendeu Pedro Jer\u00f3nimo, professor universit\u00e1rio, que quer ver jornalistas e meios de inspira\u00e7\u00e3o crist\u00e3 \u201ca partilhar conte\u00fados\u201d e com uma presen\u00e7a mais forte nos meios digitais.<\/p>\n<p>Gra\u00e7a Franco, diretora de informa\u00e7\u00e3o da R\u00e1dio Renascen\u00e7a, gostava de \u201cromper com a tradicional not\u00edcia\u201d estereotipada da religi\u00e3o cat\u00f3lica; \u201cassumir a diferen\u00e7a, ter carinho pelo nosso p\u00fablico, que na febre de informar muitas vezes \u00e9 esquecido. Alertou para o \u201cNew age\u201d, para a descristianiza\u00e7\u00e3o e ignor\u00e2ncia; defendeu \u201cboas hist\u00f3rias com valores humanos\u201d e citou o papa Francisco na necessidade de ter \u201cos p\u00e9s assentes na terra\u201d.<\/p>\n<p>\u201cGlobaliza\u00e7\u00e3o dos neg\u00f3cios leva a uma regenera\u00e7\u00e3o dos meios e dos t\u00edtulos que se pretende simples e \u00e1gil\u201d, defende Jorge Saraiva, administrador do Not\u00edcias da Covilh\u00e3, tendo em conta \u201cValor sem uso \u00e9 desperd\u00edcio\u201d; \u201cAcesso \u00e9 mais importante do que a propriedade\u201d; e \u201cMod\u00e9stia em excesso \u00e9 pecado\u201d.<\/p>\n<p>&nbsp;<\/p>\n<ol start=\"5\">\n<li><strong>Modelos editoriais e empresariais para a Imprensa de inspira\u00e7\u00e3o crist\u00e3<\/strong><\/li>\n<\/ol>\n<p>\u201cConte\u00fados com vida pr\u00f3pria e independentes entre si\u201d s\u00e3o defendidos por Eduardo Cintra Torres, professor universit\u00e1rio, que indicou \u201ct\u00e1ticas de capta\u00e7\u00e3o de leitores, como por exemplo a constru\u00e7\u00e3o de t\u00edtulos motivadores\u201d. O professor sugeriu um \u201cagregador comum\u201d e perguntou se \u201cpode a associa\u00e7\u00e3o ser um agregador, por exemplo, de publicidade e de conte\u00fados\u201d. Terminou com a afirma\u00e7\u00e3o: \u201cSe h\u00e1 amea\u00e7as na internet, tamb\u00e9m h\u00e1 oportunidades\u201d.<\/p>\n<p>&nbsp;<\/p>\n<p><strong>Sess\u00e3o comemorativa dos 25 anos da AIC e de encerramento do X Congresso,<\/strong><\/p>\n<p>Nuno Br\u00e1s, bispo da Comiss\u00e3o Episcopal da Cultura, Bens Culturais e Comunica\u00e7\u00f5es Sociais, defendeu a ideia que \u201c\u00e9 preciso tomar a\u00e7\u00f5es para nos levarem a s\u00e9rio\u201d.\u00a0 Ainda segundo Nuno Br\u00e1s temos de trazer a comunica\u00e7\u00e3o regional para a ribalta, assim como a mensagem da f\u00e9 crist\u00e3. \u201cTemos de aceitar que somos meios diferentes e assumir a comunica\u00e7\u00e3o como tarefa. Mais importante que a not\u00edcia \u00e9 a comunica\u00e7\u00e3o em si. As pessoas comunicarem entre elas \u00e9 a tarefa mais importante da nossa realidade e n\u00e3o s\u00f3 n\u00e3o devemos ter medo dessa realidade, como devemos exigir esta especificidade\u201d.<\/p>\n<p>O presidente da AIC, El\u00edsio Assun\u00e7\u00e3o, exigiu que a ERC \u201ctenha outro comportamento, que tenha um papel de aconselhamento e n\u00e3o de obstru\u00e7\u00e3o \u00e0 vida dos meios de comunica\u00e7\u00e3o crist\u00e3\u201d, nomeadamente em termos de classifica\u00e7\u00e3o de meios.\u00a0 \u201c\u00c9 tempo para arrega\u00e7ar as mangas\u201d, desafiou El\u00edsio Assun\u00e7\u00e3o.<\/p>\n","protected":false},"excerpt":{"rendered":"<p>CONCLUS\u00d5ES A meio da ponte rumo ao futuro \u00e9 o lema o X Congresso da Associa\u00e7\u00e3o de Imprensa de Inspira\u00e7\u00e3o Crist\u00e3 (AIC) que decorreu no Convento dos Capuchos, em Almada, entre os dias 26 e 28 de outubro de 2017, que se enquadrou nas comemora\u00e7\u00f5es dos 25 anos da funda\u00e7\u00e3o da Associa\u00e7\u00e3o.<\/p>\n","protected":false},"author":1,"featured_media":1369,"comment_status":"closed","ping_status":"closed","sticky":false,"template":"","format":"standard","meta":{"_et_pb_use_builder":"","_et_pb_old_content":"","_et_gb_content_width":"","footnotes":""},"categories":[6],"tags":[],"class_list":["post-1367","post","type-post","status-publish","format-standard","has-post-thumbnail","hentry","category-congressos"],"_links":{"self":[{"href":"https:\/\/aiic.pt\/index.php\/wp-json\/wp\/v2\/posts\/1367","targetHints":{"allow":["GET"]}}],"collection":[{"href":"https:\/\/aiic.pt\/index.php\/wp-json\/wp\/v2\/posts"}],"about":[{"href":"https:\/\/aiic.pt\/index.php\/wp-json\/wp\/v2\/types\/post"}],"author":[{"embeddable":true,"href":"https:\/\/aiic.pt\/index.php\/wp-json\/wp\/v2\/users\/1"}],"replies":[{"embeddable":true,"href":"https:\/\/aiic.pt\/index.php\/wp-json\/wp\/v2\/comments?post=1367"}],"version-history":[{"count":1,"href":"https:\/\/aiic.pt\/index.php\/wp-json\/wp\/v2\/posts\/1367\/revisions"}],"predecessor-version":[{"id":1368,"href":"https:\/\/aiic.pt\/index.php\/wp-json\/wp\/v2\/posts\/1367\/revisions\/1368"}],"wp:featuredmedia":[{"embeddable":true,"href":"https:\/\/aiic.pt\/index.php\/wp-json\/wp\/v2\/media\/1369"}],"wp:attachment":[{"href":"https:\/\/aiic.pt\/index.php\/wp-json\/wp\/v2\/media?parent=1367"}],"wp:term":[{"taxonomy":"category","embeddable":true,"href":"https:\/\/aiic.pt\/index.php\/wp-json\/wp\/v2\/categories?post=1367"},{"taxonomy":"post_tag","embeddable":true,"href":"https:\/\/aiic.pt\/index.php\/wp-json\/wp\/v2\/tags?post=1367"}],"curies":[{"name":"wp","href":"https:\/\/api.w.org\/{rel}","templated":true}]}}