{"id":1510,"date":"2019-08-06T21:56:00","date_gmt":"2019-08-06T21:56:00","guid":{"rendered":"http:\/\/aiic.pt\/?p=1510"},"modified":"2019-08-06T21:56:00","modified_gmt":"2019-08-06T21:56:00","slug":"nota-de-pesar-pelo-falecimento-do-conego-salvador-santos","status":"publish","type":"post","link":"https:\/\/aiic.pt\/index.php\/nota-de-pesar-pelo-falecimento-do-conego-salvador-santos\/","title":{"rendered":"Nota de pesar pelo falecimento do C\u00f3nego Salvador Santos"},"content":{"rendered":"<p style=\"font-weight: 400;\"><a href=\"https:\/\/aiic.pt\/wp-content\/uploads\/2019\/08\/conego_salvador.jpg\"><img loading=\"lazy\" decoding=\"async\" class=\"wp-image-1511 size-medium alignleft\" src=\"https:\/\/aiic.pt\/wp-content\/uploads\/2019\/08\/conego_salvador-300x200.jpg\" alt=\"\" width=\"300\" height=\"200\" srcset=\"https:\/\/aiic.pt\/wp-content\/uploads\/2019\/08\/conego_salvador-300x200.jpg 300w, https:\/\/aiic.pt\/wp-content\/uploads\/2019\/08\/conego_salvador-768x512.jpg 768w, https:\/\/aiic.pt\/wp-content\/uploads\/2019\/08\/conego_salvador-1024x683.jpg 1024w, https:\/\/aiic.pt\/wp-content\/uploads\/2019\/08\/conego_salvador-600x400.jpg 600w, https:\/\/aiic.pt\/wp-content\/uploads\/2019\/08\/conego_salvador-1080x720.jpg 1080w, https:\/\/aiic.pt\/wp-content\/uploads\/2019\/08\/conego_salvador.jpg 1928w\" sizes=\"(max-width: 300px) 100vw, 300px\" \/><\/a>A Dire\u00e7\u00e3o da Associa\u00e7\u00e3o de Imprensa de Inspira\u00e7\u00e3o Crist\u00e3 (AIC) expressa o profundo pesar pelo falecimento do C\u00f3nego Ant\u00f3nio Salvador Santos, fundador e primeiro presidente da AIC.<\/p>\n<p style=\"font-weight: 400;\">O C\u00f3nego Salvador Santos foi o sacerdote e jornalista que mais se empenhou na funda\u00e7\u00e3o da Associa\u00e7\u00e3o de Imprensa de Inspira\u00e7\u00e3o Crist\u00e3, em 1993, mais energias entregou a esta causa e mais se comprometeu com a defesa dos t\u00edtulos da imprensa regional, apostando numa comunica\u00e7\u00e3o social de proximidade e na relev\u00e2ncia que as p\u00e1ginas de centenas de jornais e revistas d\u00e3o aos leitores e \u00e0s regi\u00f5es aonde chegam.<\/p>\n<p style=\"font-weight: 400;\">No momento de pesar pelo seu falecimento, a Dire\u00e7\u00e3o da Associa\u00e7\u00e3o de Imprensa de Inspira\u00e7\u00e3o Crist\u00e3 agradece ao c\u00f3nego Salvador Santos, aos seus familiares, \u00e0 Arquidiocese de \u00c9vora e ao jornal e \u00e0 gr\u00e1fica \u201cA Defesa\u201d por tudo o que fica na hist\u00f3ria da imprensa regional e local em Portugal gra\u00e7as ao empreendedorismo do C\u00f3nego Ant\u00f3nio Salvador Santos.<\/p>\n<p style=\"font-weight: 400;\"><em>A dire\u00e7\u00e3o da Associa\u00e7\u00e3o de Imprensa de Inspira\u00e7\u00e3o Crist\u00e3<\/em><\/p>\n","protected":false},"excerpt":{"rendered":"<p>A Dire\u00e7\u00e3o da Associa\u00e7\u00e3o de Imprensa de Inspira\u00e7\u00e3o Crist\u00e3 (AIC) expressa o profundo pesar pelo falecimento do C\u00f3nego Ant\u00f3nio Salvador Santos, fundador e primeiro presidente da AIC. O C\u00f3nego Salvador Santos foi o sacerdote e jornalista que mais se empenhou na funda\u00e7\u00e3o da Associa\u00e7\u00e3o de Imprensa de Inspira\u00e7\u00e3o Crist\u00e3, em 1993, mais energias entregou a [&hellip;]<\/p>\n","protected":false},"author":1,"featured_media":0,"comment_status":"closed","ping_status":"closed","sticky":false,"template":"","format":"standard","meta":{"_et_pb_use_builder":"off","_et_pb_old_content":"<p style=\"font-weight: 400;\">A Dire\u00e7\u00e3o da Associa\u00e7\u00e3o de Imprensa de Inspira\u00e7\u00e3o Crist\u00e3 (AIC) expressa o profundo pesar pelo falecimento do C\u00f3nego Ant\u00f3nio Salvador Santos, fundador e primeiro presidente da AIC.<\/p><p style=\"font-weight: 400;\">O C\u00f3nego Salvador Santos foi o sacerdote e jornalista que mais se empenhou na funda\u00e7\u00e3o da Associa\u00e7\u00e3o de Imprensa de Inspira\u00e7\u00e3o Crist\u00e3, em 1993, mais energias entregou a esta causa e mais se comprometeu com a defesa dos t\u00edtulos da imprensa regional, apostando numa comunica\u00e7\u00e3o social de proximidade e na relev\u00e2ncia que as p\u00e1ginas de centenas de jornais e revistas d\u00e3o aos leitores e \u00e0s regi\u00f5es aonde chegam.<\/p><p style=\"font-weight: 400;\">No momento de pesar pelo seu falecimento, a Dire\u00e7\u00e3o da Associa\u00e7\u00e3o de Imprensa de Inspira\u00e7\u00e3o Crist\u00e3 agradece ao c\u00f3nego Salvador Santos, aos seus familiares, \u00e0 Arquidiocese de \u00c9vora e ao jornal e \u00e0 gr\u00e1fica \u201cA Defesa\u201d por tudo o que fica na hist\u00f3ria da imprensa regional e local em Portugal gra\u00e7as ao empreendedorismo do C\u00f3nego Ant\u00f3nio Salvador Santos.<\/p><p style=\"font-weight: 400;\"><em>A dire\u00e7\u00e3o da Associa\u00e7\u00e3o de Imprensa de Inspira\u00e7\u00e3o Crist\u00e3<\/em><\/p>","_et_gb_content_width":"","footnotes":""},"categories":[15],"tags":[],"class_list":["post-1510","post","type-post","status-publish","format-standard","hentry","category-noticias"],"_links":{"self":[{"href":"https:\/\/aiic.pt\/index.php\/wp-json\/wp\/v2\/posts\/1510","targetHints":{"allow":["GET"]}}],"collection":[{"href":"https:\/\/aiic.pt\/index.php\/wp-json\/wp\/v2\/posts"}],"about":[{"href":"https:\/\/aiic.pt\/index.php\/wp-json\/wp\/v2\/types\/post"}],"author":[{"embeddable":true,"href":"https:\/\/aiic.pt\/index.php\/wp-json\/wp\/v2\/users\/1"}],"replies":[{"embeddable":true,"href":"https:\/\/aiic.pt\/index.php\/wp-json\/wp\/v2\/comments?post=1510"}],"version-history":[{"count":1,"href":"https:\/\/aiic.pt\/index.php\/wp-json\/wp\/v2\/posts\/1510\/revisions"}],"predecessor-version":[{"id":1512,"href":"https:\/\/aiic.pt\/index.php\/wp-json\/wp\/v2\/posts\/1510\/revisions\/1512"}],"wp:attachment":[{"href":"https:\/\/aiic.pt\/index.php\/wp-json\/wp\/v2\/media?parent=1510"}],"wp:term":[{"taxonomy":"category","embeddable":true,"href":"https:\/\/aiic.pt\/index.php\/wp-json\/wp\/v2\/categories?post=1510"},{"taxonomy":"post_tag","embeddable":true,"href":"https:\/\/aiic.pt\/index.php\/wp-json\/wp\/v2\/tags?post=1510"}],"curies":[{"name":"wp","href":"https:\/\/api.w.org\/{rel}","templated":true}]}}