{"id":18,"date":"2015-04-27T16:30:46","date_gmt":"2015-04-27T16:30:46","guid":{"rendered":"http:\/\/portal.ecclesia.pt\/aiic\/?p=18"},"modified":"2015-10-20T10:44:40","modified_gmt":"2015-10-20T10:44:40","slug":"quem-somos","status":"publish","type":"post","link":"https:\/\/aiic.pt\/index.php\/quem-somos\/","title":{"rendered":"Quem somos"},"content":{"rendered":"<p align=\"center\"><a href=\"https:\/\/aiic.pt\/wp-content\/uploads\/Logo-AIC.jpg\" target=\"_blank\"><img loading=\"lazy\" decoding=\"async\" class=\"alignnone size-full wp-image-219\" src=\"https:\/\/aiic.pt\/wp-content\/uploads\/Logo-AIC.jpg\" alt=\"Logo AIC\" width=\"132\" height=\"105\" \/><\/a><\/p>\n<p align=\"center\">AIC &#8211; Associa\u00e7\u00e3o de Imprensa de Inspira\u00e7\u00e3o Crist\u00e3<\/p>\n<p>Conforme consta dos nossos estatutos, a Associa\u00e7\u00e3o de Imprensa de Inspira\u00e7\u00e3o Crist\u00e3 (AIC), \u00e9 uma pessoa colectiva, declarada Institui\u00e7\u00e3o de Utilidade P\u00fablica <b>(a)<\/b>, sem fins lucrativos, e de dura\u00e7\u00e3o ilimitada, com sede pr\u00f3pria em Lisboa na Av. do Col\u00e9gio Militar, 28 \u2013 9\u00ba Dto <b>(b)<\/b>, que ao abrigo e em conformidade com o disposto no C\u00f3digo Civil, congrega os Org\u00e3os de Comunica\u00e7\u00e3o Social \u2013 Imprensa escrita, com periodicidade regular, que dependentes ou n\u00e3o da hierarquia, se apresentam ao p\u00fablico como promotores dos valores humanos e crist\u00e3os \u00e0 luz do Evangelho.<\/p>\n<p><b>(a)<\/b> &#8211; Declara\u00e7\u00e3o n\u00ba 134\/98 (2\u00aa s\u00e9rie): \u2013 &#8220;nos termos do Art\u00ba 3 do Dec-Lei 460\/77, de 7 de Novembro, o Primeiro Ministro declarou de Utilidade P\u00fablica, por despacho de 02 de Abril de 1998: A. I. C. \u2013 Associa\u00e7\u00e3o de Imprensa de Inspira\u00e7\u00e3o Crist\u00e3, com sede em Lisboa&#8221;. <i>(Extra\u00eddo do Di\u00e1rio da Rep\u00fablica n\u00ba 94 de 22-04-1998 &#8211; II S\u00e9rie)<\/i><\/p>\n<p><b>(b)<\/b> &#8211; Contactos da AIC: Av. do Col\u00e9gio Militar, 28 \u2013 9\u00ba Dto. 1500 &#8211; 185 Lisboa Telef. e Fax: 217 165 392 E-mail: <span style=\"color: #000080;\"><b><a href=\"mailto:aic@sapo.pt\" target=\"_blank\">aic@sapo.pt<\/a><\/b><\/span> Internet:<a href=\"http:\/\/www.aiic.pt\/\" target=\"_blank\"><b>www.aiic.pt<\/b><\/a><\/p>\n","protected":false},"excerpt":{"rendered":"<p>AIC &#8211; Associa\u00e7\u00e3o de Imprensa de Inspira\u00e7\u00e3o Crist\u00e3 Conforme consta dos nossos estatutos, a Associa\u00e7\u00e3o de Imprensa de Inspira\u00e7\u00e3o Crist\u00e3 (AIC), \u00e9 uma pessoa colectiva, declarada Institui\u00e7\u00e3o de Utilidade P\u00fablica (a), sem fins lucrativos, e de dura\u00e7\u00e3o ilimitada, com sede pr\u00f3pria em Lisboa na Av. do Col\u00e9gio Militar, 28 \u2013 9\u00ba Dto (b), que ao [&hellip;]<\/p>\n","protected":false},"author":1,"featured_media":0,"comment_status":"closed","ping_status":"closed","sticky":false,"template":"","format":"standard","meta":{"_et_pb_use_builder":"","_et_pb_old_content":"","_et_gb_content_width":"","footnotes":""},"categories":[8],"tags":[],"class_list":["post-18","post","type-post","status-publish","format-standard","hentry","category-historia-da-aic"],"_links":{"self":[{"href":"https:\/\/aiic.pt\/index.php\/wp-json\/wp\/v2\/posts\/18","targetHints":{"allow":["GET"]}}],"collection":[{"href":"https:\/\/aiic.pt\/index.php\/wp-json\/wp\/v2\/posts"}],"about":[{"href":"https:\/\/aiic.pt\/index.php\/wp-json\/wp\/v2\/types\/post"}],"author":[{"embeddable":true,"href":"https:\/\/aiic.pt\/index.php\/wp-json\/wp\/v2\/users\/1"}],"replies":[{"embeddable":true,"href":"https:\/\/aiic.pt\/index.php\/wp-json\/wp\/v2\/comments?post=18"}],"version-history":[{"count":5,"href":"https:\/\/aiic.pt\/index.php\/wp-json\/wp\/v2\/posts\/18\/revisions"}],"predecessor-version":[{"id":557,"href":"https:\/\/aiic.pt\/index.php\/wp-json\/wp\/v2\/posts\/18\/revisions\/557"}],"wp:attachment":[{"href":"https:\/\/aiic.pt\/index.php\/wp-json\/wp\/v2\/media?parent=18"}],"wp:term":[{"taxonomy":"category","embeddable":true,"href":"https:\/\/aiic.pt\/index.php\/wp-json\/wp\/v2\/categories?post=18"},{"taxonomy":"post_tag","embeddable":true,"href":"https:\/\/aiic.pt\/index.php\/wp-json\/wp\/v2\/tags?post=18"}],"curies":[{"name":"wp","href":"https:\/\/api.w.org\/{rel}","templated":true}]}}