{"id":422,"date":"2015-06-30T10:22:42","date_gmt":"2015-06-30T10:22:42","guid":{"rendered":"http:\/\/aiic.pt\/?p=422"},"modified":"2017-02-06T20:45:12","modified_gmt":"2017-02-06T20:45:12","slug":"acordo-de-correio-editorial-clausula-5a","status":"publish","type":"post","link":"https:\/\/aiic.pt\/index.php\/acordo-de-correio-editorial-clausula-5a\/","title":{"rendered":"Acordo de Correio Editorial &#8211; Cl\u00e1usula 5\u00aa"},"content":{"rendered":"<p style=\"text-align: center;\">Deu-se inicio a um novo per\u00edodo de utiliza\u00e7\u00e3o\u00a0dos descontos\u00a0&#8211; Cl\u00e1usula 5\u00aa.<\/p>\n<p>Deste benef\u00edcio dos CTT, no \u00e2mbito do\u00a0&#8220;Acordo de Correio Editorial &#8211; Cl 5\u00aa&#8221;,\u00a0 poder\u00e3o usufruir,\u00a0at\u00e9 ao final\u00a0de cada\u00a0ano,\u00a0descontos de 70% para o servi\u00e7o Nacional e de 75% para o servi\u00e7o Internacional, sobre\u00a025% de envios do ano anterior,\u00a0com um teto m\u00e1ximo\u00a0de 60 mil exemplares\/ano.<\/p>\n<p>Para isso, torna-se\u00a0necess\u00e1rio preencherem anualmente um\u00a0formul\u00e1rio\u00a0para cada uma das publica\u00e7\u00f5es, para\u00a0poderem usufruir do\u00a0benef\u00edcio durante todo o\u00a0ano.<\/p>\n<p style=\"text-align: center;\"><strong>Se ainda n\u00e3o tem o novo formul\u00e1rio, ou se tem d\u00favidas, consulte a AIC<\/strong>.<\/p>\n<p style=\"text-align: center;\">\u00a0<a href=\"https:\/\/aiic.pt\/wp-content\/uploads\/Logo-AIC.jpg\" target=\"_blank\"><img loading=\"lazy\" decoding=\"async\" class=\"alignnone size-full wp-image-219\" src=\"https:\/\/aiic.pt\/wp-content\/uploads\/Logo-AIC.jpg\" alt=\"Logo AIC\" width=\"132\" height=\"105\" \/><\/a><\/p>\n<h5 style=\"text-align: center;\"><strong>AIC \u2013 Associa\u00e7\u00e3o de Imprensa de Inspira\u00e7\u00e3o Crist\u00e3<\/strong><\/h5>\n<h5 style=\"text-align: center;\"><strong>Av. do Col\u00e9gio Militar, n\u00ba 28 \u2013 9\u00ba Dto.<\/strong> <strong>1500-185 <\/strong><strong>LISBOA<\/strong><\/h5>\n<h5 style=\"text-align: center;\"><strong>Telef\/Fax: 217 165 392<\/strong><\/h5>\n<h5 style=\"text-align: center;\"><strong>e-mail: <a href=\"mailto:aic@sapo.pt\">aic@sapo.pt<\/a><\/strong><\/h5>\n<h5 style=\"text-align: center;\"><strong>http: <a href=\"http:\/\/www.aiic.pt\/\">www.aiic.pt<\/a><\/strong><\/h5>\n","protected":false},"excerpt":{"rendered":"<p>Deu-se inicio a um novo per\u00edodo de utiliza\u00e7\u00e3o\u00a0dos descontos\u00a0&#8211; Cl\u00e1usula 5\u00aa. Deste benef\u00edcio dos CTT, no \u00e2mbito do\u00a0&#8220;Acordo de Correio Editorial &#8211; Cl 5\u00aa&#8221;,\u00a0 poder\u00e3o usufruir,\u00a0at\u00e9 ao final\u00a0de cada\u00a0ano,\u00a0descontos de 70% para o servi\u00e7o Nacional e de 75% para o servi\u00e7o Internacional, sobre\u00a025% de envios do ano anterior,\u00a0com um teto m\u00e1ximo\u00a0de 60 mil exemplares\/ano. Para [&hellip;]<\/p>\n","protected":false},"author":2,"featured_media":0,"comment_status":"closed","ping_status":"closed","sticky":false,"template":"","format":"standard","meta":{"_et_pb_use_builder":"","_et_pb_old_content":"","_et_gb_content_width":"","footnotes":""},"categories":[2],"tags":[],"class_list":["post-422","post","type-post","status-publish","format-standard","hentry","category-informacao-aos-socios"],"_links":{"self":[{"href":"https:\/\/aiic.pt\/index.php\/wp-json\/wp\/v2\/posts\/422","targetHints":{"allow":["GET"]}}],"collection":[{"href":"https:\/\/aiic.pt\/index.php\/wp-json\/wp\/v2\/posts"}],"about":[{"href":"https:\/\/aiic.pt\/index.php\/wp-json\/wp\/v2\/types\/post"}],"author":[{"embeddable":true,"href":"https:\/\/aiic.pt\/index.php\/wp-json\/wp\/v2\/users\/2"}],"replies":[{"embeddable":true,"href":"https:\/\/aiic.pt\/index.php\/wp-json\/wp\/v2\/comments?post=422"}],"version-history":[{"count":15,"href":"https:\/\/aiic.pt\/index.php\/wp-json\/wp\/v2\/posts\/422\/revisions"}],"predecessor-version":[{"id":696,"href":"https:\/\/aiic.pt\/index.php\/wp-json\/wp\/v2\/posts\/422\/revisions\/696"}],"wp:attachment":[{"href":"https:\/\/aiic.pt\/index.php\/wp-json\/wp\/v2\/media?parent=422"}],"wp:term":[{"taxonomy":"category","embeddable":true,"href":"https:\/\/aiic.pt\/index.php\/wp-json\/wp\/v2\/categories?post=422"},{"taxonomy":"post_tag","embeddable":true,"href":"https:\/\/aiic.pt\/index.php\/wp-json\/wp\/v2\/tags?post=422"}],"curies":[{"name":"wp","href":"https:\/\/api.w.org\/{rel}","templated":true}]}}