{"id":7,"date":"2015-04-27T16:12:47","date_gmt":"2015-04-27T16:12:47","guid":{"rendered":"http:\/\/portal.ecclesia.pt\/aiic\/?p=7"},"modified":"2017-11-14T16:28:35","modified_gmt":"2017-11-14T16:28:35","slug":"congressos-da-aic","status":"publish","type":"post","link":"https:\/\/aiic.pt\/index.php\/congressos-da-aic\/","title":{"rendered":"Congressos da AIC"},"content":{"rendered":"<p style=\"text-align: center;\"><em>De\u00a01994\u00a0a\u00a02008,\u00a0\u00a0a AIC\u00a0organizou o seu Congresso de 2 em 2 anos.\u00a0\u00a0Desde 2008,\u00a0\u00a0por delibera\u00e7\u00e3o da\u00a0Assembleia Geral,\u00a0\u00a0os congressos passaram a realizar-se de 3 em 3 anos. A\u00a0tem\u00e1tica est\u00e1 espelhada nos seus programas abaixo:<\/em><\/p>\n<p style=\"text-align: center;\"><a href=\"https:\/\/aiic.pt\/wp-content\/uploads\/Logo-AIC.jpg\" target=\"_blank\" rel=\"noopener\"><img loading=\"lazy\" decoding=\"async\" class=\"alignnone size-full wp-image-219\" src=\"https:\/\/aiic.pt\/wp-content\/uploads\/Logo-AIC.jpg\" alt=\"Logo AIC\" width=\"132\" height=\"105\" \/><\/a><\/p>\n<p style=\"text-align: center;\"><strong>Temas e datas dos Congressos da AIC realizados:<\/strong><\/p>\n<p><span style=\"color: #808000;\"><strong>\u00a01\u00ba &#8211; \u201cA Imprensa no Virar do S\u00e9culo\u201d (\u00c9vora \u2013 18 a 20Nov1994);<\/strong><\/span><\/p>\n<p><span style=\"color: #808000;\"><strong>2\u00ba &#8211; \u201cAs Novas Tecnologias e o seu Impacto na Comunica\u00e7\u00e3o Social\u201d (Viseu \u2013 8 a 10Nov1996);<\/strong><\/span><\/p>\n<p><span style=\"color: #808000;\"><strong>3\u00ba &#8211; \u201cUma Imprensa para o Novo Mil\u00e9nio\u201d\u00a0 (Coimbra \u2013 3 a 5Dez1999);<\/strong><\/span><\/p>\n<p><span style=\"color: #808000;\"><strong>4\u00ba &#8211; \u201cA Imprensa Crist\u00e3 &#8211; Face \u00e0 Mundializa\u00e7\u00e3o\u201d (Guarda \u2013 25 a 27Out2001);<\/strong><\/span><\/p>\n<p><span style=\"color: #808000;\"><strong>5\u00ba &#8211; \u201cImprensa de Inspira\u00e7\u00e3o Crist\u00e3 \u2013 Realidade ou Utopia\u201d (Braga \u2013 13 a 15Nov2003);<\/strong><\/span><\/p>\n<p><span style=\"color: #808000;\"><strong>6\u00ba &#8211; \u201cNovos Caminhos\u201d (Turcifal \u2013 23 a 25Mar2006, incluiu a Assembleia Geral da AIC);<\/strong><\/span><\/p>\n<p><span style=\"color: #808000;\"><strong>7\u00ba &#8211; \u201cVencer Impactos\u201d (Bragan\u00e7a \u2013 27 a 29Nov2008);<\/strong><\/span><\/p>\n<p><span style=\"color: #808000;\"><strong>8\u00ba &#8211; \u201dReinventar\/Fechar Jornais\u201d (Leiria \u2013 11 e 12nov2011);<\/strong><\/span><\/p>\n<p><span style=\"color: #808000;\"><strong>9\u00ba &#8211; \u201dMediadores da Alegria e do Encontro\u201d (Ger\u00eas, S. Bento da Porta Aberta \u2013 23 a 25out2014);<\/strong><\/span><\/p>\n<p><span style=\"color: #808000;\"><strong>10\u00ba &#8211;\u00a0\u00a0\u201cA meio da ponte rumo ao futuro\u201d \u2013 Modelos editoriais e empresariais para a imprensa de inspira\u00e7\u00e3o crist\u00e3&#8221; (Almada, no Convento dos Capuchos de 26 a 28out2017).<\/strong><\/span><\/p>\n<p style=\"text-align: center;\"><span style=\"color: #000000;\"><strong><span style=\"text-decoration: underline;\">Programas e conclus\u00f5es dos Congressos<\/span><\/strong>:<\/span><\/p>\n<p style=\"text-align: center;\"><strong>1\u00ba Congresso da AIC \u2013 \u00c9vora 1994<\/strong><\/p>\n<p style=\"text-align: center;\"><strong> \u201cA Imprensa no Virar do S\u00e9culo\u201d<\/strong><\/p>\n<p style=\"text-align: center;\">(realizado em \u00c9vora nos dias 18, 19 e 20 de Novembro de 1994)<\/p>\n<p style=\"text-align: center;\"><strong>Programa do 1\u00ba Congresso:<\/strong><\/p>\n<p><strong>Dia 18 Novembro \u2013 Sexta-Feira:<\/strong> 21.00h \u2013 Acolhimento \/Recep\u00e7\u00e3o 22.00h \u2013 \u201cO Estado da Imprensa\u201d. Mesa Redonda com a presen\u00e7a dos jornalistas Gra\u00e7a Franco e Alexandre Manuel. Moderador: Dr. Jos\u00e9 Manuel Vicente Ferreira.<\/p>\n<p><strong>Dia 19 Novembro \u2013 S\u00e1bado:<\/strong> 10.00h \u2013 Abertura Solene do Congresso por D. Maur\u00edlio de Gouveia, Presidente da Comiss\u00e3o Episcopal para os Meios de Comunica\u00e7\u00e3o Social. 11.00h \u2013 \u201cA Imprensa no virar do s\u00e9culo\u201d pelo Prof. Doutor Manuel Braga da Cruz. 12.15h. \u2013 Interven\u00e7\u00f5es dos participantes por inscri\u00e7\u00e3o. 13.00h. \u2013 Almo\u00e7o. 14.30h. \u2013 Espa\u00e7o Cultural. Visita guiada \u00e0 cidade ou Percurso Megal\u00edtico. 16.30h. \u2013 Visita \u00e0 Adega da Cartuxa. Prova de Vinhos. 18.00h. \u2013 Painel \u2013 moderado pelo Pe. Arlindo Ferreira Pinto e com presen\u00e7a de Pacheco de Andrade. \u2013 \u201cA imprensa e os m\u00e9dia\u201d \u2013 CENJOR \u2013 A forma\u00e7\u00e3o jornal\u00edstica. \u2013 GAI \u2013 Legisla\u00e7\u00e3o e apoios. \u2013 Interven\u00e7\u00e3o dos participantes. 20.00h. \u2013 Jantar de Confraterniza\u00e7\u00e3o acompanhado de M\u00fasica Regional.<\/p>\n<p><strong>Dia 20 Novembro \u2013 Domingo:<\/strong> 10.00h. \u2013 A informa\u00e7\u00e3o religiosa \u2013 Pe. Ant\u00f3nio Rego 11.00h. \u2013 Leitura das conclus\u00f5es e Sess\u00e3o de Encerramento. 12.15h. \u2013 Eucaristia, presidida por D. Maur\u00edlio de Gouveia, Arcebispo de \u00c9vora. 13.30h. \u2013 Almo\u00e7o de despedida.<\/p>\n<p><strong>Encerramento do 1\u00ba Congresso &#8211; Palavras do Presidente:<\/strong> Estamos a chegar ao fim do nosso 1.\u00ba Congresso, cujos objectivos foram alcan\u00e7ados, gra\u00e7as \u00e0 vossa ades\u00e3o, \u00e0 colabora\u00e7\u00e3o do Governo Civil de \u00c9vora, C.M.E., Gabinete Nacional das C. Sociais, B.T.A., Caf\u00e9s Delta, Regi\u00e3o de Turismo, a que n\u00e3o faltou o estimulo, desde a primeira hora, quer do Senhor Subsecret\u00e1rio de Estado, quer do G.A. Imprensa na pessoa da sua directora. A todos muito obrigado. Viemos at\u00e9 \u00c9vora, por raz\u00f5es de \u00e2mbito sentimental. Aqui nasceu juridicamente, no Ver\u00e3o de 1993, a AIC por raz\u00f5es de ordem log\u00edstica: Tivemos promessas de apoio, alguns dos quais vieram a falhar; mas tamb\u00e9m por raz\u00f5es de ordem cultural \u2014 \u00c9vora, n\u00e3o \u00e9 s\u00f3 a capital do Alentejo, chamada cidade museu e proclamada cidade patrim\u00f3nio da humanidade. \u00c9vora \u00e9 hoje uma cidade aberta \u00e0 modernidade que est\u00e1 criando as suas infraestruturas, com capacidade para acolher milhares de forasteiros, gra\u00e7as \u00e0s unidades hoteleiras que t\u00eam nascido. Mas \u00c9vora \u00e9 tamb\u00e9m um s\u00edmbolo onde se cruzam culturas diversas e civiliza\u00e7\u00f5es antiqu\u00edssimas que se habituaram a conviver em paz, no respeito de sensibilidades diferentes, ber\u00e7o de poetas, artistas e cantores&#8230; \u00c9vora \u00e9 a cidade da plan\u00edcie, outrora de searas de trigo e de joio, rodeada de montados horizontes a perder de vista, lan\u00e7a-nos fortes desafios e convida-nos a um novo olhar&#8230; e foi isto que fizemos. O tema do Congresso, \u201cA Imprensa no Virar do S\u00e9culo\u201d foi um novo olhar que lan\u00e7\u00e1mos para este meio de comunica\u00e7\u00e3o de massas que \u00e9 a imprensa. Centro de aten\u00e7\u00e3o de todos os intervenientes, foram lan\u00e7adas sementes \u00e0 terra que a seu tempo h\u00e3o-de dar frutos. Ante os desafios da tecnologia os sinais de mudan\u00e7a deste final do s\u00e9culo e a inter-ac\u00e7\u00e3o dos outros massmedia, os cerca de 600 t\u00edtulos de inspira\u00e7\u00e3o crist\u00e3 deste pais, v\u00e3o certamente olhar o futuro com um novo olhar&#8230;N\u00e3o obstante as dificuldades que se avizinham, nomeadamente relacionadas com a nova pol\u00edtica para o porte pago, os altos custos do papel e na m\u00e3o de obra&#8230; queremos encarar o futuro com uma nova esperan\u00e7a, reflexo da esperan\u00e7a crist\u00e3 informada nos conte\u00fados dos nossos jornais e revistas e que dentre os 144 s\u00f3cios, chegam a um milh\u00e3o e duzentos mil assinantes. A imprensa tem desempenhado um papel pedag\u00f3gico junto das popula\u00e7\u00f5es e na defesa das regi\u00f5es; \u00e9 o elo de liga\u00e7\u00e3o dos emigrantes \u00e0 sua terra; \u00e9 um ve\u00edculo que leva a l\u00edngua materna aos pontos mais long\u00ednquos do globo&#8230; e que grava a hist\u00f3ria do pais e do povo dando-lhe uma durabilidade atemporal.<\/p>\n<p style=\"text-align: center;\"><strong>Conclus\u00f5es do 1\u00ba Congresso:<\/strong><\/p>\n<p>1. A Associa\u00e7\u00e3o de Imprensa de Inspira\u00e7\u00e3o Crist\u00e3 (AIC) realizou em \u00c9vora, de 18 a 20 de Novembro o seu 1.\u00ba Congresso, subordinado ao tema: \u201cA imprensa no virar do s\u00e9culo\u201d com a presen\u00e7a de 193 delegados de publica\u00e7\u00f5es de Inspira\u00e7\u00e3o Crist\u00e3.<\/p>\n<p>2. N\u00f3s, os participantes no Congresso, temos a firme certeza de que, apesar dos tempos dif\u00edceis, a imprensa continua a desempenhar um papel fundamental em todos os sectores da vida humana, em interac\u00e7\u00e3o com a r\u00e1dio e a televis\u00e3o. Assim, a imprensa pode olhar o futuro com optimismo consciente da credibilidade que Ihe \u00e9 garantida pelo p\u00fablico face \u00e0 informa\u00e7\u00e3o audiovisual.<\/p>\n<p>3. Queremos assumir cada vez mais as exig\u00eancias e necessidades dos leitores, fornecendo-lhes uma informa\u00e7\u00e3o mais aprofundada, variada e em maior quantidade. Temos consci\u00eancia da nossa responsabilidade na defesa dos valores humanos e crist\u00e3os particularmente da verdade, da justi\u00e7a, da liberdade e d\u00e1 concorr\u00eancia leal. Afirmemos o direito e dever de, numa sociedade pluralista e livre, n\u00e3o poder estar ausente a Comunica\u00e7\u00e3o Social de inspira\u00e7\u00e3o Crist\u00e3.<\/p>\n<p>4. Para tal achamos importante:<\/p>\n<p>a) promover a leitura dos jornais;<\/p>\n<p>b) caminhar no sentido de uma maior profissionaliza\u00e7\u00e3o e moderniza\u00e7\u00e3o dos nossos jornais no campo humano e tecnol\u00f3gico;<\/p>\n<p>c) criar uma publica\u00e7\u00e3o de \u00e2mbito nacional que reflicta uma leitura crist\u00e3 da sociedade portuguesa.<\/p>\n<p>5. Queremos ainda afirmar que n\u00e3o podemos ser menosprezados ou esquecidos em decis\u00f5es que nos digam respeito.<\/p>\n<p>6. Os s\u00f3cios presentes decidiram por esmagadora maioria que a Direc\u00e7\u00e3o inicie as dilig\u00eancias necess\u00e1rias para a filia\u00e7\u00e3o da AIC na Confedera\u00e7\u00e3o Portuguesa dos Meios de Comunica\u00e7\u00e3o Social.<\/p>\n<p>\u00c9vora, 20 de Novembro de 1994<\/p>\n<p>&nbsp;<\/p>\n<p style=\"text-align: center;\"><strong>2\u00ba Congresso da AIC \u2013 Viseu 1996 <\/strong><\/p>\n<p style=\"text-align: center;\"><strong>\u201cAs Novas Tecnologias e o seu Impacto na Comunica\u00e7\u00e3o Social\u201d <\/strong><\/p>\n<p style=\"text-align: center;\">(realizado em Viseu nos dias 8, 9 e 10 de Novembro de 1996)<\/p>\n<p style=\"text-align: center;\"><strong>\u00a0<\/strong><strong>Programa do 2\u00ba Congresso:<\/strong><\/p>\n<p><strong>Sexta-Feira, 8 Novembro:\u00a0<\/strong>17.00h \u2013 Acolhimento\u00a021.00h \u2013 Boas Vindas. Apresenta\u00e7\u00e3o do progama.\u00a021.15h \u2013 \u201cAs novas tecnologias e o seu impacto na Comunica\u00e7\u00e3o Social\u201d (Prof. Doutor Carlos Correia Universidade Nova de Lisboa). 22.00h \u2013 Internet: demonstra\u00e7\u00e3o pr\u00e1tica (pela PortugalNet).<\/p>\n<p><strong>S\u00e1bado, 9 Novembro:\u00a0<\/strong>09.30h \u2013 Abertura oficial, com a presen\u00e7a do senhor Secret\u00e1rio Estado da Comunica\u00e7\u00e3o Social, e apresenta\u00e7\u00e3o do Guia de Imprensa de Inspira\u00e7\u00e3o Crist\u00e3.\u00a010.00h. \u2013 \u201cAs novas tecnologias na produ\u00e7\u00e3o da Imprensa escrita\u201d (Dr. Pedro Magalh\u00e3es do CENJOR).\u00a010.45h. \u2013 Intervalo.\u00a011.15h. \u2013 \u201cA publicidade e o marketing na imprensa escrita\u201d (Dr. Jo\u00e3o Palmeiro &#8211; Universidade Cat\u00f3lica Portuguesa).\u00a012.00h. \u2013 Di\u00e1logo com os conferencistas. \u00a013.00h. \u2013 Almo\u00e7o.\u00a014.30h. \u2013 Painel: \u201cA imprensa de inspira\u00e7\u00e3o crist\u00e3: problemas e possibilidades\u201d (Voz Portucalense, Almonda, Di\u00e1rio do Minho, a Reconquista e Badaladas) Moderador: Prof. Doutor Braga da Cruz. 16.00h. \u2013 Actividade cultural.\u00a022.00h. \u2013 Reuni\u00e3o com os associados da AIC.<\/p>\n<p><strong>Domingo, 10 Novembro:\u00a0<\/strong>09.00h. \u2013 Eucaristia\u00a010.15h. \u2013 \u201cA ag\u00eancia de not\u00edcias: \u201cuso e possibilidade na imprensa regional\u201d (Dr. Rui Avelar &#8211; Director de Informa\u00e7\u00e3o da LUSA)\u00a011.15h. \u2013 Intervalo. \u00a011.45h. \u2013 Leitura das Conclus\u00f5es e Sess\u00e3o de Encerramento com a presen\u00e7a de D. Maur\u00edlio de Gouveia, Presidente da Comiss\u00e3o Episcopal para os M. C. S.\u00a013.00h. \u2013 Almo\u00e7o.<\/p>\n<p style=\"text-align: left;\"><strong>Encerramento do 2\u00ba Congresso &#8211;\u00a0<\/strong><strong>Palavras do Presidente:<\/strong> Viseu est\u00e1 de parab\u00e9ns pela forma como acolheu os congressistas, e a AIC, pela organiza\u00e7\u00e3o exemplar bem coadjuvado pelo Secretariado local da Comunica\u00e7\u00e3o Social, moderado pelo c\u00f3nego Jos\u00e9 Vieira. Na sess\u00e3o solene da abertura oficial do II Congresso da AIC com a presen\u00e7a de sua Excel\u00eancia Senhor Secret\u00e1rio de Estado da Comunica\u00e7\u00e3o Social; Excel\u00eancia Reverend\u00edssima Senhor Bispo de Viseu; Ex.mo Senhor Governador Civil de Viseu; Ex.mo Senhor Vice-Presidente da C\u00e2mara Municipal de Viseu; demais entidades civis, militares e religiosas; Senhoras e senhores congressistas; Ex.mos profissionais da comunica\u00e7\u00e3o social; O presidente da AIC acrescentou: Bem vindos ao II Congresso da AIC &#8211; Associa\u00e7\u00e3o de Imprensa de Inspira\u00e7\u00e3o Crist\u00e3, a acontecer nesta cidade de Viriato que tem uma particular \u201cgra\u00e7a\u201d de bem receber a todos os que v\u00eam por bem. Repito: sede bem vindos! A AIC ao longo dos seus curtos anos de vida, tem procurado responder, dentro do \u00e2mbito dos seus estatutos, \u00e0s preocupa\u00e7\u00f5es que afligem a imprensa regional, em geral, e a inspira\u00e7\u00e3o crist\u00e3, em particular. Nas peugadas do 1.\u00ba Congresso, que se realizou em \u00c9vora, h\u00e1 precisamente dois anos, os participantes em Assembleia Geral entenderam que este \u201cforum\u201d dever-se-ia realizar de dois em dois anos. Ent\u00e3o debru\u00e7\u00e1mo-nos sobre \u201cAs novas tecnologias e o seu impacto na comunica\u00e7\u00e3o social\u201d com um grupo de oradores que s\u00e3o garantia, \u00e0 partida, dum trabalho prof\u00edcuo e sensibilizador para quem est\u00e1 ligado \u00e1 comunica\u00e7\u00e3o social neste final de s\u00e9culo e de mil\u00e9nio. A imprensa de inspira\u00e7\u00e3o crist\u00e3 ocupa um espa\u00e7o consider\u00e1vel num tempo em que a gal\u00e1xia de Gutemberg parece estar ultrapassada. Entendemos que ao chegarmos mensalmente a cerca de um milh\u00e3o e duzentos mil assinantes \u00e9 uma prova das virtualidades da imprensa regional. Apesar de todos os problemas e dificuldades que enfrentamos: \u2014 altos custos da mat\u00e9ria prima; &#8211; a velocidade com que \u201cpassa\u201d a tecnologia; &#8211; os custos exagerados das comunica\u00e7\u00f5es e dos CTT (dos mais caros da Europa); &#8211; a aus\u00eancia de publicidade institucional do Estado; &#8211; o fraco poder de compra dos portugueses agravado com o IVA da imprensa, (levando-os a cortar antes com a leitura [jornais\/revistas] do que com a farm\u00e1cia ou a mercearia; &#8211; a falta de uma rede de distribui\u00e7\u00e3o que seja alternativa aos CTT; &#8211; a falta de h\u00e1bitos da leitura do povo portugu\u00eas e o grau elevado de analfabetismo&#8230; no caso da imprensa de inspira\u00e7\u00e3o crist\u00e3 debatemo-nos ainda com os crit\u00e9rios da Alta Autoridade para a Comunica\u00e7\u00e3o Social, que, esquecendo o papel que desempenhamos nas regi\u00f5es, s\u00f3 porque notici\u00e1mos a vida da Igreja, nos classifica como \u201cpublica\u00e7\u00e3o especializada\u201d o que nos afasta, logo \u00e0 partida, de algumas \u201cbenesses\u201d concedidas \u00e0 imprensa regional. Apesar de todas estas preocupa\u00e7\u00f5es a imprensa regional tem muitas virtualidades que temos de real\u00e7ar: &#8211; H\u00e1 quem s\u00f3 leia o jornal da sua terra, que faz a liga\u00e7\u00e3o entre todos os portugueses no \u00eaxodo. &#8211; A imprensa regional leva a l\u00edngua de Cam\u00f5es a todos os cantos da comunidade de pa\u00edses de l\u00edngua portuguesa e mesmo a Timor onde o portugu\u00eas j\u00e1 foi proibido; &#8211; A imprensa regional fornece um \u201cservi\u00e7o p\u00fablico\u201d pela informa\u00e7\u00e3o que presta; &#8211; A imprensa regional tem desempenhado um papel pedag\u00f3gico junto das popula\u00e7\u00f5es e na defesa das regi\u00f5es; &#8211; A imprensa regional grava a hist\u00f3ria do pa\u00eds e do povo, dando-lhe uma durabilidade atemporal. &#8211; A Imprensa Regional \u00e9 uma refer\u00eancia que temos de preservar, porque apesar dos sacrif\u00edcios com que \u00e9 produzida, ela d\u00e1 em s\u00edntese, as not\u00edcias nacionais e fala, quase em exclusividade, dos anseios locais e regionais. Conscientes de que a Imprensa Regional \u00e9 um patrim\u00f3nio cultural, permita-me, Excel\u00eancia Senhor Secret\u00e1rio de Estado para a Comunica\u00e7\u00e3o Social que solicite o vosso empenho para que na nova lei de imprensa, a promulgar em breve, seja salvaguardada esta imprensa; e que despacho algum retire o \u201cPorte Pago\u201d \u00e0 Imprensa regional. Antes seja alargado a outras publica\u00e7\u00f5es de \u00edndole cultural, mesmo que ve\u00edculos da mensagem crist\u00e3. Se o or\u00e7amento de Estado n\u00e3o \u00e9 suficiente para o custo do pagamento do \u201cPorte Pago\u201d defendemos uma negocia\u00e7\u00e3o com os CTT para que a imprensa seja tida como um cliente especial. A nossa Associa\u00e7\u00e3o j\u00e1 v\u00e1rias vezes se disponibilizou para defender este ponto de vista. E nunca se devem penalizar as administra\u00e7\u00f5es dos jornais regionais, que nunca recebem publicidade institucional nem pagamento pelo servi\u00e7o p\u00fablico que prestam. J\u00e1 vou longo na radiografia que tirei, quereria aproveitar esta ocasi\u00e3o para publicamente agradecer a amabilidade com que sempre temos sido recebidos quer por V.a Excel\u00eancia, Senhor Secret\u00e1rio de Estado para a Comunica\u00e7\u00e3o Social, quer pelo Senhor Director do Gabinete de Apoio \u00e0 Imprensa, a quem frequentemente apresentamos as nossas preocupa\u00e7\u00f5es e de quem recebemos sempre uma palavra de esperan\u00e7a. A vossa vinda a este Congresso \u00e9 tamb\u00e9m um sinal da vossa solidariedade com a Imprensa Regional, que quereria em nome de todos agradecer. A AIC vai hoje apresentar em p\u00fablico o Guia de Imprensa de Inspira\u00e7\u00e3o Crist\u00e3. \u00c9 mais um contributo para valorizar a imprensa que temos e a certeza de que estamos \u201cinquietos\u201d por cada vez mais dar a conhecer quem e quantos somos, tomando consci\u00eancia de n\u00f3s mesmos, na esperan\u00e7a de valorizarmos a imprensa regional de inspira\u00e7\u00e3o crist\u00e3. As minhas desculpas pelo tempo que vos tomei e o meu \u201cobrigado\u201d pela aten\u00e7\u00e3o que me dispensaram.\u00a0Viseu, 10 de Novembro de 1996<\/p>\n<p style=\"text-align: center;\"><strong>Conclus\u00f5es do 2\u00ba Congresso:<\/strong><\/p>\n<p>1. A Associa\u00e7\u00e3o da Imprensa de Inspira\u00e7\u00e3o Crist\u00e3 (AIC) realizou de 8 a 10 de Novembro, em Viseu, o seu II Congresso, subordinado ao tema: \u201cAs novas tecnologias e o seu impacto na Comunica\u00e7\u00e3o Social\u201d.<\/p>\n<p>2. Foi com agrado que os delegados ao Congresso escutaram o Secret\u00e1rio de Estado da Comunica\u00e7\u00e3o Social reconhecer a AIC como \u201cparceiro interveniente e activo\u201d e \u201crepresentativo de um importante sector da imprensa portuguesa\u201d.<\/p>\n<p>3. Da reflex\u00e3o realizada com a ajuda de v\u00e1rios peritos na tem\u00e1tica, o Congresso reafirmou o lugar insubstitu\u00edvel do jornalista e da pessoa humana, mesmo no reino das novas tecnologias.<\/p>\n<p>4. O Congresso sentiu a necessidade da crescente profissionaliza\u00e7\u00e3o da imprensa de inspira\u00e7\u00e3o crist\u00e3. S\u00f3 assim ela poder\u00e1 adquirir maior qualidade e atingir o universo da lusofonia.<\/p>\n<p>5. O Congresso verificou que j\u00e1 foram realizados esfor\u00e7os significativos no que respeita \u00e0 moderniza\u00e7\u00e3o tecnol\u00f3gica dos associados da AIC. No entanto reconheceu a necessidade de acompanhar cada vez mais de perto o desenvolvimento tecnol\u00f3gico concretamente no que respeita \u00e0 cria\u00e7\u00e3o de redes de colabora\u00e7\u00e3o entre os v\u00e1rios \u00f3rg\u00e3os de comunica\u00e7\u00e3o.<\/p>\n<p>6. O Congresso recordou tamb\u00e9m a necessidade de a imprensa de inspira\u00e7\u00e3o crist\u00e3 n\u00e3o esquecer as suas especificidades e potencialidades.<\/p>\n<p>7. O Congresso sublinhou a necessidade absoluta da manuten\u00e7\u00e3o do Porte Pago como reconhecimento do servi\u00e7o p\u00fablico prestado \u00e0 cultura portuguesa pela imprensa de inspira\u00e7\u00e3o crist\u00e3.<\/p>\n<p>8. O Congresso saudou a publica\u00e7\u00e3o do Guia de Imprensa de Inspira\u00e7\u00e3o Crist\u00e3 e formulou votos para que brevemente o mesmo possa estar dispon\u00edvel em CD ROM.<\/p>\n<p style=\"text-align: center;\"><strong>3\u00ba Congresso da AIC \u2013 Coimbra 1998 <\/strong><\/p>\n<p style=\"text-align: center;\"><strong>\u201cUma Imprensa para o Novo Mil\u00e9nio\u201d<\/strong><\/p>\n<p style=\"text-align: center;\"><strong>\u00a0<\/strong>(realizado em Coimbra nos dias 3, 4 e 5 de Dezembro de 1998)<\/p>\n<p style=\"text-align: center;\"><strong>Programa do 3\u00ba Congresso:<\/strong><\/p>\n<p><strong>3 Dezembro \u2013 Sexta-feira:<\/strong> 18.00h \u2013 Abertura do Secretariado. 21.00h \u2013 Boas vindas &#8211; Leitura do programa. 21.15h \u2013 \u201cOs Meios de Comunica\u00e7\u00e3o Social de Inspira\u00e7\u00e3o Crist\u00e3, \u2013 Que Desafios\u201d, por: Jos\u00e9 Ant\u00f3nio Santos, jornalista do DN<\/p>\n<p><strong>4 Dezembro \u2013 S\u00e1bado:<\/strong> 09.30h \u2013 Abertura oficial, presidida pelo Secret\u00e1rio de Estado da Comunica\u00e7\u00e3o Social, Arons de Carvalho. 10.00h \u2013 2.\u00aa Confer\u00eancia \u201cQue Linguagem Jornal\u00edstica para o Novo Mil\u00e9nio\u201d, por: Jorge Wemans, director de informa\u00e7\u00e3o da Ag\u00eancia Lusa. 11.00h \u2013 \u201cA necessidade de forma\u00e7\u00e3o\u2026 exige profissionaliza\u00e7\u00e3o\u201d por: Fernando Cascais, director do CENJOR. 12.00h \u2013 Painel &#8211; \u201cA Imprensa e a Publicidade\u201d, por Edson Ata\u00edde (empres\u00e1rio e criativo de publicidade) e Jos\u00e9 Manuel Vicente Ferreira (professor universit\u00e1rio). Moderador: Jo\u00e3o Palmeiro (professor universit\u00e1rio). 13.00h \u2013 Almo\u00e7o (Gr\u00e1fica de Coimbra). 17.30h \u2013 Tarde cultural (Casa Fernando Namora) Condeixa e Con\u00edmbriga \u2013 Mosteiro de Santa Clara a Velha, Baixa da cidade, \u2013 recepc\u00e7\u00e3o na C\u00e2mara, seguida de Jantar oferecido pela edilidade, com fados de Coimbra.<\/p>\n<p><strong>5 Dezembro \u2013 Domingo:<\/strong> 08.30h \u2013 Reuni\u00e3o Geral da AIC. 10.00h \u2013 \u201cOs Valores Crist\u00e3os na Imprensa de Inspira\u00e7\u00e3o Crist\u00e3\u201d, por Jos\u00e9 Manuel Pureza (professor universit\u00e1rio). 11.00h \u2013 Sess\u00e3o de encerramento, presidida por D. Jo\u00e3o Alves, Presidente da Comiss\u00e3o Episcopal para os Meios de Comunica\u00e7\u00e3o Social. 12.00h \u2013 Eucaristia na igreja de S. Jos\u00e9. 13.00h \u2013 Almo\u00e7o.<\/p>\n<p><strong>Encerramento do 3\u00ba Congresso &#8211;\u00a0<\/strong><strong>Palavras do Presidente:<\/strong> O nosso 3.\u00ba Congresso est\u00e1 a chegar ao fim. \u00c9 com alegria que podemos afirmar que os objectivos tra\u00e7ados no inicio, foram alcan\u00e7ados. Gra\u00e7as \u00e0 vossa participa\u00e7\u00e3o, a dedica\u00e7\u00e3o dos oradores, \u00e0 din\u00e2mica da equipa criada pelo Secret\u00e1rio Diocesano de Coimbra, moderada pelo Rev\u00ba. C\u00f3nego Adriano Santo, e ainda o apoio recebido do: Instituto de Comunica\u00e7\u00e3o Social; Rev\u00aa. Irm\u00e3 Superiora das Irm\u00e3s de S. Jos\u00e9 de Cluny; C\u00e2mara Municipal de Coimbra; Regi\u00e3o de Turismo de Coimbra; C\u00e2mara Municipal de Condeixa; Gr\u00e1fica de Coimbra; A. Santo; Diocese de Coimbra; Banco Esp\u00edrito Santo e Pinto &amp; Sotto Mayor; Caf\u00e9s Delta; Companhia das \u00c1guas do Luso e Col\u00e9gio de S.Teot\u00f3nio. A todos a express\u00e3o do nosso muito obrigado. O tema do Congresso \u201cUma Imprensa para o Novo Mil\u00e9nio\u201d, pensamos que foi oportuno e os oradores souberam abrir caminhos a percorrer neste mundo de tanta concorr\u00eancia. Vai, certamente, produzir os seus efeitos, pois apesar das din\u00e2micas dos meios concorrenciais, as virtualidades da imprensa escrita sobrepor-se-\u00e3o e a l\u00edngua de Cam\u00f5es continuar\u00e1 a atravessar fronteiras e continentes para trocar mensagens e fazendo a hist\u00f3ria do pa\u00eds e das suas gentes que ficar\u00e1 gravada na durabilidade atemporal da imprensa. Pensamos que a imprensa regional \u00e9 uma refer\u00eancia que temos de preservar j\u00e1 pelo \u201cservi\u00e7o p\u00fablico\u201d que presta na informa\u00e7\u00e3o que veicula, j\u00e1 pela forma como fala dos anseios e preocupa\u00e7\u00f5es regionais e, sobretudo, por que ela \u00e9 acarinhada e lida pelos leitores habituais que se habituaram a ter uma rela\u00e7\u00e3o de cumplicidade, cujo \u201dfeed-back\u201d chega diariamente \u00e0s nossas redac\u00e7\u00f5es. No actual contexto nacional, tal qual foi reflectido no nosso primeiro Congresso em 1994, h\u00e1 uma lacuna no mundo da imprensa escrita nacional. Falta um seman\u00e1rio que seja refer\u00eancia para os crist\u00e3os fazerem a leitura crist\u00e3, dos acontecimentos que nos envolvem\u2026 Em boa hora, por\u00e9m, os jornais regionais, \u00e1 sua maneira, souberam ocupar este espa\u00e7o. E hoje assistimos, com agrado, \u00e0 melhoria de muitos jornais que v\u00e3o enriquecendo as suas p\u00e1ginas com qualidade gr\u00e1fica e conte\u00fados apreci\u00e1veis. Ainda bem. \u00c0 falta de uma entidade que deite m\u00e3os a um projecto que pensamos ter espa\u00e7o para caminhar, apelamos aos respons\u00e1veis da imprensa regional para continuarem a apostar num profissionalismo,que se tem vindo a acentuar, para que o produto final que colocamos nas casas dos leitores n\u00e3o nos envergonham e correspondam aos seus anseios\u2026 dizendo o que outros n\u00e3o dizem, levando sinais de esperan\u00e7a e de raz\u00f5es para viver, quando outros se preocupam mais com teorias niilistas e em serem ap\u00f3stolos de desgra\u00e7a e do infort\u00fanio\u2026 Estamos certos que foram lan\u00e7adas sementes \u00e0 terra que h\u00e3o-de frutificar. E perante os desafios das novas tecnologias em interac\u00e7\u00e3o com os outros \u201cmass media\u201d, os cerca de 500 t\u00edtulos de inspira\u00e7\u00e3o crist\u00e3 de norte a sul do pa\u00eds, alguns aqui presentes, v\u00e3o enfrentar o futuro com um novo olhar e uma nova esperan\u00e7a que se vai reflectir nas manchetes e nos conte\u00fados, por onde passe a mensagem de esperan\u00e7a evang\u00e9lica que \u00e9 a que pode trazer a felicidade aos homens no novo mil\u00e9nio\u2026 Dentre os v\u00e1rios desafios com que nos vamos confrontar, qui\u00e7\u00e1 tenhamos que unir t\u00edtulos de determinada zona geogr\u00e1fica, para os refor\u00e7ar e n\u00e3o para os extinguir; temos que contar com a velocidade e dinamismo dos outros media a que a imprensa n\u00e3o \u00e9 capaz de responder. A nossa for\u00e7a adv\u00e9m-nos de sabermos ler os sinais dos tempos e, numa linguagem simples, apontar as virtualidades que a vida tem, pela positiva na alegria que nos vem do esp\u00edrito. Real\u00e7ar mais o que de bom se faz do que o que fica por fazer ou \u00e9 mal feito. Agradecemos a vossa participa\u00e7\u00e3o e o apoio que nos chegou, de perto e de longe, e reafirmamos o nosso empenhamento nesta causa, que passa pelo associativismo. Como reflexo do trabalho realizado neste Congresso, passamos \u00e0 leitura do texto final:<\/p>\n<p style=\"text-align: center;\"><strong>Conclus\u00f5es do 3\u00ba Congresso:<\/strong><\/p>\n<p>A imprensa mission\u00e1ria tem express\u00e3o muito significativa na AIC. O seu objectivo \u00e9, por um lado, promover o conhecimento das culturas e dos problemas de outros povos, contribuindo para o estabelecimento de rela\u00e7\u00f5es internacionais caracterizadas pela justi\u00e7a, solidariedade e coopera\u00e7\u00e3o; por outro, fomentar a preserva\u00e7\u00e3o e o desenvolvimento de l\u00edngua e da cultura portuguesas, \u00abpois chegamos a todos os cantos onde se fala a l\u00edngua de Cam\u00f5es, seja no espa\u00e7o lus\u00f3fono, seja onde h\u00e1 \u00eaxodo portugu\u00eas\u00bb, como afirmou o Presidente da AIC, Ant\u00f3nio Salvador dos Santos. De entre os desafios que se apresentam \u00e0 imprensa crist\u00e3 do pr\u00f3ximo mil\u00e9nio contam-se: o refor\u00e7o da forma\u00e7\u00e3o dos comunicadores e da profissionaliza\u00e7\u00e3o dos meios, a renova\u00e7\u00e3o da linguagem e do estilo de comunica\u00e7\u00e3o, a redefini\u00e7\u00e3o de projectos e a concerta\u00e7\u00e3o de estrat\u00e9gias. O crescimento da imprensa de inspira\u00e7\u00e3o crist\u00e3 passa pela continuada forma\u00e7\u00e3o e especializa\u00e7\u00e3o dos profissionais, de modo a proporcionar-lhes novas compet\u00eancias t\u00e9cnicas, mas tamb\u00e9m meios de acultura\u00e7\u00e3o e de leitura adequada da realidade. Al\u00e9m disso, requer um maior dinamismo empresarial e mais competitividade no sector da publicidade e do marketing, sem comprometer a nossa identidade. Na era da imagem, a linguagem jornal\u00edstica deve ser viva, despertar emo\u00e7\u00f5es, \u00abdar a ver os acontecimentos\u00bb, sem comprometer a verdade da mensagem. A imprensa de inspira\u00e7\u00e3o crist\u00e3 sente-se interpelada a redefinir objectivos, a congregar esfor\u00e7os e meios, com vista \u00e0 planifica\u00e7\u00e3o e maximiza\u00e7\u00e3o das suas potencialidades. Os meios de comunica\u00e7\u00e3o, como \u00abprimeiro are\u00f3pago dos tempos modernos\u00bb (Redemptoris Missio, 37), devem constituir uma prioridade da Igreja. A imprensa tem futuro. \u00abM\u00e1s not\u00edcias para as \u00e1rvores\u00bb! A emerg\u00eancia da Internet n\u00e3o amea\u00e7a a imprensa escrita, que continua imprescind\u00edvel como instrumento de informa\u00e7\u00e3o, debate de ideias problemas, refor\u00e7o da coes\u00e3o das comunidades e forma\u00e7\u00e3o da opini\u00e3o p\u00fablica. Por isso, reafirmamos a necessidade absoluta dos apoios estatais supletivos, na forma de porte pago e outros incentivos.<\/p>\n<p>&nbsp;<\/p>\n<p style=\"text-align: center;\"><strong>4\u00ba Congresso da AIC \u2013 Guarda 2001 <\/strong><\/p>\n<p style=\"text-align: center;\"><strong>\u201cA Imprensa Crist\u00e3 face \u00e0 Mundializa\u00e7\u00e3o\u201d<\/strong><\/p>\n<p style=\"text-align: center;\">(realizado na Guarda nos dias 25, 26 e 27 de Outubro de 2001)<\/p>\n<p style=\"text-align: center;\"><strong>Programa do 4\u00ba Congresso:<\/strong><\/p>\n<p><strong>Dia 25 Outubro \u2013 Quinta-Feira:<\/strong> 17.00h \u2013 Abertura do Secretariado. Acolhimento e distribui\u00e7\u00e3o de pastas do Congresso. 19.00h \u2013 Jantar livre. 21.00h \u2013 F\u00f3rum AIC. \u201cLimites e Desafios da Imprensa de Inspira\u00e7\u00e3o Crist\u00e3\u201d. Dr. Pedro Magalh\u00e3es. Moderador: Pe. El\u00edsio Assun\u00e7\u00e3o.<\/p>\n<p><strong>Dia 26 Outubro \u2013 Sexta-Feira:<\/strong> 09.00h \u2013 Sess\u00e3o de Abertura \u2013 Membro do Governo; Entidades Locais; Comiss\u00e3o Episcopal. 09.30h \u2013 Intervalo para caf\u00e9. 10.00h \u2013 \u201cGlobaliza\u00e7\u00e3o, quest\u00e3o incontorn\u00e1vel\u201d. Professor Sousa Franco. Moderador: C\u00f3nego Eug\u00e9nio da Cunha S\u00e9rio. 11.30h \u2013 Mesa Redonda \u201cDesafios pol\u00edtico-sociais da globaliza\u00e7\u00e3o\u201d. Dr. Jorge Wemans. \u201cDesafios \u00e9ticos da globaliza\u00e7\u00e3o\u201d. Dr. Bag\u00e3o F\u00e9lix. Moderador: Pe. Salvador dos Santos 13.00h. \u2013 Almo\u00e7o: oferta da C\u00e2mara Municipal da Guarda. 15.00h. \u2013 Tarde social \u2013 Serra da Estrela, Vale Glaciar. 17.00h. \u2013 Prova de Queijos da Serra: oferta da C\u00e2mara Municipal de Manteigas. 17.30h. \u2013 Visita a Sortelha. 18.00h. \u2013 Painel &#8211; moderado pelo Pe. Arlindo Ferreira Pinto e com presen\u00e7a de Pacheco de Andrade. 20.00h. \u2013 Jantar: oferta da C\u00e2mara Municipal do Sabugal. Noite Cultural.<\/p>\n<p><strong>Dia 27 Outubro \u2013 S\u00e1bado:<\/strong> 09.00h. \u2013 \u201cGlobaliza\u00e7\u00e3o e Imprensa Regional\u201d. Dr. Jos\u00e9 Manuel Fernandes. 10.00h. \u2013 Intervalo para caf\u00e9. 10.30h. \u2013 Atelier \u201cA imprensa, caminhos de futuro\u201d Dr. Jos\u00e9 Ant\u00f3nio dos Santos. \u201cA Igreja e a comunica\u00e7\u00e3o social\u201d Pe. Nuno Br\u00e1s; \u201cA comunica\u00e7\u00e3o social e a Internet\u201d Dr. Nelson Ribeiro. Moderador: Pe. Tony Neves. 13.00h. \u2013 Almo\u00e7o: oferta do Governo Civil da Guarda. 15.00h. \u2013 \u201cA Miss\u00e3o da Imprensa Regional em prol de uma globaliza\u00e7\u00e3o humana\u201d. Dr. Carlos Moreira Azevedo. Moderador: Pe. Francisco Pereira Barbeira. 16.00h. \u2013 Conclus\u00f5es. 17.00h. \u2013 Sess\u00e3o de Encerramento.<\/p>\n<p style=\"text-align: center;\"><strong>Conclus\u00f5es do 4\u00ba Congresso:<\/strong><\/p>\n<p>O IV Congresso da Associa\u00e7\u00e3o de Imprensa de Inspira\u00e7\u00e3o Crist\u00e3, reunido na cidade da Guarda de 25 a 27 de Outubro, chegou \u00e0s seguintes conclus\u00f5es:<\/p>\n<p>1. Manifestar confian\u00e7a no futuro da Imprensa Regional j\u00e1 que, embora vivamos num mundo globalizado, nota-se um interesse crescente dos cidad\u00e3os pelos temas que Ihes est\u00e3o mais pr\u00f3ximos.<\/p>\n<p>2. Reconhecer a import\u00e2ncia da internet como fonte de informa\u00e7\u00e3o e modo de divulga\u00e7\u00e3o complementar dos \u00f3rg\u00e3os regionais de comunica\u00e7\u00e3o social.<\/p>\n<p>3. Alertar para a necessidade de uma constante renova\u00e7\u00e3o dos conte\u00fados editoriais no sentido de satisfazer o interesse dos actuais leitores e atrair novos.<\/p>\n<p>4. Salientar que, num tempo de globaliza\u00e7\u00e3o desregulada que destr\u00f3i valores civilizacionais, \u00e9 indispens\u00e1vel continuar a ter como principal refer\u00eancia a defesa da dignidade da pessoa humana e o servi\u00e7o \u00e0 verdade.<\/p>\n<p>5. Dedicar especial aten\u00e7\u00e3o aos factos socialmente mais pr\u00f3ximos dos leitores, contribuindo para a preserva\u00e7\u00e3o dos valores culturais que identificam as diferentes comunidades.<\/p>\n<p>6. Assumir que, na \u00e9poca do curto prazo, a Imprensa de Inspira\u00e7\u00e3o Crist\u00e3 tem tamb\u00e9m como fun\u00e7\u00e3o descobrir e apontar sinais de esperan\u00e7a, numa atitude de profecia.<\/p>\n<p>7. Lamentar o facto de as not\u00edcias originalmente publicadas na imprensa regional serem depois aproveitadas pelos grandes media sem cita\u00e7\u00e3o da fonte.<\/p>\n<p>8. Reconhecer a necessidade de, numa economia de mercado cada vez mais concorrencial, ser necess\u00e1rio estabelecer e fortalecer la\u00e7os de uni\u00e3o entre os diversos t\u00edtulos de comunica\u00e7\u00e3o social. Por outro lado, os participantes no Congresso decidiram:<\/p>\n<p>a) Formular votos de r\u00e1pido restabelecimento do Presidente da Direc\u00e7\u00e3o, Padre Ant\u00f3nio Salvador dos Santos, hospitalizado de urg\u00eancia no inicio do Congresso.<\/p>\n<p>b) Agradecer o esfor\u00e7o da comiss\u00e3o local organizadora do Congresso e os apoios recebidos de v\u00e1rias entidades.<\/p>\n<p>Guarda, 27 de Outubro de 2001<\/p>\n<p>&nbsp;<\/p>\n<p style=\"text-align: center;\"><strong>5\u00ba Congresso da AIC \u2013 Braga 2003 <\/strong><\/p>\n<p style=\"text-align: center;\"><strong>\u201cA Imprensa de Inspira\u00e7\u00e3o Crist\u00e3: Realidade ou Utopia\u201d<\/strong><\/p>\n<p style=\"text-align: center;\">(realizado em Braga nos dias 13, 14 e 15 de Novembro de 2003)<\/p>\n<p style=\"text-align: center;\"><strong>Programa do 5\u00ba Congresso:<\/strong><\/p>\n<p><strong>13 Novembro \u2013 Quinta-feira:<\/strong> 17.00h \u2013 Abertura do Secretariado. Acolhimento. 20.00h \u2013 Jantar Livre. 21.00h \u2013 Boas vindas \u2013 Apresenta\u00e7\u00e3o do programa. 21.30h \u2013 \u201cA Imprensa de Inspira\u00e7\u00e3o Crist\u00e3, \u2013 Um diagn\u00f3stico\u201d, Dr. Jos\u00e9 Manuel Vicente Ferreira.<\/p>\n<p><strong>14 Novembro \u2013 Sexta-feira:<\/strong> 09.00h \u2013 Abertura oficial. 10.00h \u2013 \u201cImprensa de Inspira\u00e7\u00e3o Crist\u00e3: Riscos e Oportunidades\u201d, Professor Manuel Pinto. 11.30h \u2013 Painel &#8211; \u201cUm Modo de ver a Imprensa de Inspira\u00e7\u00e3o Crist\u00e3\u201d, por: Monsenhor Silva Ara\u00fajo, Dr. Jos\u00e9 da Silva e Dr. Ant\u00f3nio Marujo. Moderador: Padre Jo\u00e3o Aguiar. 13.00h \u2013 Almo\u00e7o (Rest. Abadia D\u00b4Este). 14.00h \u2013 Tarde cultural.<\/p>\n<p><strong>15 Novembro \u2013 S\u00e1bado:<\/strong> 09.00h \u2013 \u201cImprensa de Inspira\u00e7\u00e3o Crist\u00e3: Um olhar pol\u00edtico\u201d, Dr. Ant\u00f3nio Lobo Xavier. 10.00h \u2013 Leitura das Conclus\u00f5es. 11.00h \u2013 Eucaristia. 12.30h \u2013 Almo\u00e7o de Encerramento. <em>(Palavras de introdu\u00e7\u00e3o proferidas pelo Dr. Jos\u00e9 Manuel Vicente Ferreira):<\/em> \u201cQuando olho a janela do mundo n\u00e3o gosto do que vejo. Mas ainda gosto menos que me coloquem perante realidades mediaticamente trabalhadas. Os tempos n\u00e3o s\u00e3o f\u00e1ceis e por isso mesmo \u00e9 necess\u00e1rio question\u00e1-los e incomodar os novos senhores que se julgam donos dos tempos. Fazer perguntas, interpretar sinais e tend\u00eancias \u00e9 vital para encontrar alternativas. Recordo Mois\u00e9s quando recomendava: \u2014 \u201cInterroga os tempos antigos que te precederam, desde o dia em que Deus te criou sobre a terra\u201d&#8230; Os tempos s\u00e3o de grande complexidade e tudo indica que est\u00e3o para durar&#8230; Analisemos alguns dos sinais bem presentes nos \u201cTempos de Mudan\u00e7a\u201d, nos \u201cTempos de Palavra\u201d, nos Tempos de Desassossego\u201d e nos \u201cTempos de Esperan\u00e7a\u201d.\u201d Jos\u00e9 Vicente Ferreira Gestor e Docente Universit\u00e1rio ISCSP-UP<\/p>\n<p><strong>Encerramento do 5\u00ba Congresso &#8211; Palavras do Presidente:<\/strong> Excel\u00eancia Senhor Secret\u00e1rio de Estado Adjunto do Ministro da Presid\u00eancia, Presidente da Comiss\u00e3o Episcopal para os Meios de Comunica\u00e7\u00e3o Social, Ex.mo. Senhor Presidente Civil do Distrito de Braga, Ex.mo. Senhor Presidente da C\u00e2mara Municipal de Braga, Ex.mo Doutor da Fac. de Filosofia de Braga da UCP, Senhores e Senhoras Congressistas, Ex.mos Profissionais da Comunica\u00e7\u00e3o Social, Minhas Senhoras e meus Senhores, Estamos a chegar ao fim do nosso 5.\u00ba Congresso, cujos objectivos foram plenamente alcan\u00e7ados, gra\u00e7as \u00e0 vossa participa\u00e7\u00e3o, \u00e0 din\u00e2mica equipa local, \u00e0 dedicada colabora\u00e7\u00e3o dos oradores e aos apoios recebidos dos: \u2014 Instituto da Comunica\u00e7\u00e3o Social \u2014 Funda\u00e7\u00e3o Eug\u00e9nio de Almeida \u2014 Jornal Di\u00e1rio do Minho \u2014 Jornal \u201c a defesa\u201d \u2014 Restaurante Abadia D\u2019Este \u2014 Caf\u00e9s Delta \u2014 Regi\u00e3o de Turismo Verde Minho \u2014 BPI \u2014 Ex.mo. Conservador do Convento de Tib\u00e3es \u2014 Cabido da Catedral Metropolitana de Braga \u2014 Reitor do Semin\u00e1rio Conciliar de Braga \u2014 Secretariado das Com. Sociais da Arquidiocese de Braga A todos a express\u00e3o do nosso muito obrigado. Viemos at\u00e9 \u00e0 cidade de Braga, onde a modernidade convive harmoniosamente com a hist\u00f3ria, por op\u00e7\u00e3o de realizarmos os nossos Congressos no interior, mas tamb\u00e9m pelo apoio que, desde a primeira hora, recebemos da equipa constitu\u00edda pelo C\u00f3nego Fernando Monteiro, Padre Jo\u00e3o Aguiar e Dr. Lu\u00eds Carlos Fonseca. A eles se deve grande parte do \u00eaxito deste Congresso. O tema do Congresso \u201cImprensa de Inspira\u00e7\u00e3o Crist\u00e3: Realidade ou Utopia\u201d foi objecto de v\u00e1rias reflex\u00f5es entre a equipa local e a direc\u00e7\u00e3o da Associa\u00e7\u00e3o. Pensamos que o tema foi oportuno, sobretudo porque se vive um per\u00edodo de alguma perplexidade acerca dos desafios que se levantam: \u2022 Os grandes grupos a querer controlar os media; \u2022 O dinamismo do suporte \u201con line\u201d; \u2022 A fraca tend\u00eancia para a leitura; \u2022 A sobreposi\u00e7\u00e3o de alguns casos medi\u00e1ticos face a outros acontecimentos atirados para 2.\u00ba plano; \u2022 As quest\u00f5es econ\u00f3micas que se sobrep\u00f5em \u00e0 dignidade peculiar da pessoa humana; \u2022 A omiss\u00e3o de informa\u00e7\u00e3o religiosa, que n\u00e3o s\u00f3 a de esc\u00e2ndalo; \u2022 O total esquecimento dos documentos emanados da Santa S\u00e9 o modo como os assuntos s\u00e3o obsessivamente tratados. \u2022 E obviamente que tamb\u00e9m situa\u00e7\u00f5es diversas na \u00e1rea da Comunica\u00e7\u00e3o Social. Muita gente gostaria que imput\u00e1ssemos a responsabilidade para a ou para b. Rejeitamos esta posi\u00e7\u00e3o! Na sociedade pluralista e democr\u00e1tica em que vivemos, debater-nos-emos para que a imprensa de inspira\u00e7\u00e3o crist\u00e3 n\u00e3o seja descriminada, mas aceite como imprensa de interesse local e regional, mesmo quando nos seus conte\u00fados tamb\u00e9m apare\u00e7a a tem\u00e1tica religiosa, que outros por ideologia ou por ignor\u00e2ncia sistematicamente descriminam e marginalizam. N\u00e3o nos pe\u00e7am para abrir \u201cguerra\u201d, seja a quem for. J\u00e1 manifest\u00e1mos o nosso pensamento sobre o papel que a imprensa regional tem, mesmo antes da publica\u00e7\u00e3o do estudo recente que diz que, um em cada dois portugueses l\u00ea jornais regionais com destaque para as publica\u00e7\u00f5es semanais, num total de 50,9 de portugueses que l\u00ea jornais regionais e 67,7 que l\u00ea t\u00edtulos nacionais, embora este estudo seja prejudicado pela exclus\u00e3o da leitura de revistas. E s\u00e3o muitos milhares de exemplares de revistas, sobretudo mission\u00e1rios, que chegam aos portugueses&#8230; \u2022 Ela \u00e9 a mais lida no seio das popula\u00e7\u00f5es rurais e nas comunidades espalhadas pelo mundo. \u2022 \u00c9 a imprensa regional que d\u00e1 a conhecer as potencialidades e as dificuldades locais&#8230; \u2022 Espalhada pelo mundo, desempenha uma verdadeira pedagogia no ensino da l\u00edngua materna, na divulga\u00e7\u00e3o da nossa cultura, no apelo \u00e0 solidariedade, na informa\u00e7\u00e3o de quest\u00f5es pontuais, como \u00e9 no presente, a constitui\u00e7\u00e3o para a Europa, a legaliza\u00e7\u00e3o dos emigrantes, etc., etc. \u2022 Temos muitas preocupa\u00e7\u00f5es nestes tempos que s\u00e3o dif\u00edceis, como sejam: &#8211; Os altos custos da mat\u00e9ria prima; &#8211; A reciclagem dos produtos que t\u00eam de ser pagos pelas empresas; &#8211; A redu\u00e7\u00e3o do porte pago; &#8211; O fim dos descontos com a Portugal Telecom (PT); &#8211; O IVA sobre os jornais; -O decreto-lei 56\/2001, que obriga ao pagamento antecipado das assinaturas; &#8211; A publicidade do Estado desviada da imprensa regional, n\u00e3o obstante a legisla\u00e7\u00e3o e acordos em vigor; &#8211; A concorr\u00eancia de jornais das autarquias e das grandes superf\u00edcies comerciais, tirando a publicidade que deveria ser encaminhada para os jornais regionais; &#8211; A organiza\u00e7\u00e3o contabil\u00edstica dos pequenos jornais, que queremos se transformem em pequenas empresas; &#8211; Tamb\u00e9m a falta de interesse dos novos jornalistas, em querer trabalhar na prov\u00edncia&#8230; E sei l\u00e1 quantos outros problemas poder\u00edamos inventariar&#8230; Penso que nos preocupa, particularmente, a dificuldade de cumprir o decreto-lei 56\/2001, que desde a sua publica\u00e7\u00e3o apresent\u00e1mos a nossa discord\u00e2ncia e que estamos \u00e0 espera que o actual governo tenha coragem de revogar e, ao mesmo tempo, para, em di\u00e1logo com as Associa\u00e7\u00f5es do sector, promulgar nova legisla\u00e7\u00e3o que acabem com algumas aberra\u00e7\u00f5es do 56\/2001. Gostaria de terminar positivamente, lembrando que somos actuantes da hist\u00f3ria gravada cada dia nas p\u00e1ginas da nossa imprensa, que deve buscar no evangelho uma boa not\u00edcia que nos impele a n\u00e3o desanimar e a aceitar os desafios, delineando respostas estrategicamente pensadas&#8230; Os comunicadores dos cerca de 500 t\u00edtulos de inspira\u00e7\u00e3o crist\u00e3 deste pa\u00eds, v\u00e3o enfrentar o futuro com novo olhar e uma nova esperan\u00e7a, reflexo da mensagem crist\u00e3 informada nos conte\u00fados dos nossos jornais e revistas que mensalmente chegam a mais de um milh\u00e3o e duzentos mil leitores&#8230; Gostar\u00edamos de ter apresentado j\u00e1 a revista deste Congresso, marcando tamb\u00e9m o 10.\u00ba anivers\u00e1rio da AIC. Dentro de dias chegar\u00e1 \u00e0s vossas m\u00e3os. Agradecemos o apoio e a presen\u00e7a do Senhor Secret\u00e1rio de Estado e dos nossos convidados; orgulhamo-nos do trabalho dos Senhores Congressistas. Regist\u00e1mos a presen\u00e7a da comunica\u00e7\u00e3o social. Resta-nos reafirmar o nosso empenhamento nesta causa t\u00e3o nobre e na qual apostamos \u2014 que \u00e9 a imprensa local e regional. A todos o nosso muito obrigado!<\/p>\n<p style=\"text-align: center;\"><strong>Conclus\u00f5es do 5\u00ba Congresso:<\/strong><\/p>\n<p>O 5.\u00ba Congresso da Associa\u00e7\u00e3o da Imprensa de Inspira\u00e7\u00e3o Crist\u00e3, reunido em Braga de 13 a 15 de Novembro de 2003, por ocasi\u00e3o do 10.\u00ba anivers\u00e1rio da AIC, para reflectir sobre o tema \u201cImprensa de Inspira\u00e7\u00e3o Crist\u00e3, Realidade ou Utopia?\u201d, aprova as seguintes conclus\u00f5es:<\/p>\n<p>1- Num tempo caracterizado pelo desassossego, inseguran\u00e7a e mudan\u00e7a, a Imprensa de Inspira\u00e7\u00e3o Crist\u00e3 reafirma a prioridade que atribui \u00e0 pessoa humana, reassumindo o compromisso de informar com objectividade, real\u00e7ando os aspectos positivos que contribui para uma sociedade nova, numa linha de esperan\u00e7a.<\/p>\n<p>2- Neste contexto, a Imprensa de Inspira\u00e7\u00e3o Crist\u00e3 quer ser, principalmente e cada vez mais, a voz dos mais simples e dos mais esquecidos, reflectindo os reais problemas, ansiedades e interroga\u00e7\u00f5es das comunidades que servem, mantendo ao mesmo tempo uma forte liga\u00e7\u00e3o aos emigrantes e \u201cPALOP\u00b4s\u201d.<\/p>\n<p>3- Como prestadora de um inequ\u00edvoco servi\u00e7o p\u00fablico, concretizado na preserva\u00e7\u00e3o da cultura portuguesa e da identidade nacional, a Imprensa de Inspira\u00e7\u00e3o Crist\u00e3, merece o apoio do Estado, indispens\u00e1vel num tempo de globaliza\u00e7\u00e3o que leva a concentrar o poder dos \u201cm\u00e9dia\u201d nas m\u00e3os de alguns empres\u00e1rios que t\u00eam cada vez mais interesses no sector.<\/p>\n<p>4- A Imprensa da Inspira\u00e7\u00e3o Crist\u00e3 aposta, cada vez mais, na urg\u00eancia de avan\u00e7ar na moderniza\u00e7\u00e3o tecnol\u00f3gica, na forma\u00e7\u00e3o profissional permanente e na renova\u00e7\u00e3o de conte\u00fados como forma de acompanhar o desenvolvimento do sector.<\/p>\n<p>5- Outro dos desafios que se assume, reside na procura de novos leitores, numa liga\u00e7\u00e3o estreita com as institui\u00e7\u00f5es de ensino dos v\u00e1rios n\u00edveis.<\/p>\n<p>6- O Congresso aposta ainda, como caminho de futuro, no estabelecimento de formas de coopera\u00e7\u00e3o entre diversos t\u00edtulos, salvaguardando as respectivas especificidades e\/ou caminhando para parcerias duradouras, estabelecidas com base em projectos claros e bem definidos.<\/p>\n<p>7- Apontando num jornalismo de proximidade, comunit\u00e1rio e c\u00edvico, a Imprensa de Inspira\u00e7\u00e3o Crist\u00e3 reafirma o compromisso com a \u00e9tica e deontologia profissionais, procurando \u201cfazer o bem\u201d, fazendo-o bem.<\/p>\n<p>8- Num pa\u00eds que tem um dos \u00edndices de leitura dos jornais mais baixos da Europa, os participantes do V Congresso da AIC, exigem do Governo apoio \u00e0 promo\u00e7\u00e3o da leitura dos jornais e \u00e0 difus\u00e3o da Imprensa, e reclamam o cumprimento dos preceitos legais relativos \u00e0 distribui\u00e7\u00e3o da publicidade institucional.<\/p>\n<p>9- Porque a Democracia tem por base a exist\u00eancia de uma Comunica\u00e7\u00e3o Social livre, o Estado tem um papel insubstitu\u00edvel na cria\u00e7\u00e3o de condi\u00e7\u00f5es m\u00ednimas que garantam a exist\u00eancia de uma Imprensa que fomente os equil\u00edbrios sociais, necess\u00e1rios para a constru\u00e7\u00e3o de uma sociedade moderna e que actua com base em valores s\u00f3lidos e reconhecidos universalmente.<\/p>\n<p style=\"text-align: left;\">Braga, 15 de Novembro de 2003<\/p>\n<p style=\"text-align: center;\"><strong>6\u00ba Congresso da AIC \u2013 Turcifal, 2006 <\/strong><\/p>\n<p style=\"text-align: center;\"><strong>\u201cImprensa de Inspira\u00e7\u00e3o Crist\u00e3: Novos Caminhos\u201d<\/strong><\/p>\n<p style=\"text-align: center;\">(realizado no Centro Diocesano de Espiritualidade do Sagrado Cora\u00e7\u00e3o de Maria &#8211; CDE, localizado na vila do Turcifal,\u00a0Torres Vedras, nos dias 23, 24 e 25\u00a0de Mar\u00e7o\u00a0de 2006)<\/p>\n<p style=\"text-align: center;\"><strong>Programa do 6\u00ba Congresso:<\/strong><\/p>\n<p><strong>23 Mar\u00e7o \u2013 Quinta-feira:<\/strong> 17.00h \u2013 Abertura do Secretariado. Acolhimento. 20.00h \u2013 Jantar. 21.00h \u2013 Boas vindas \u2013 Apresenta\u00e7\u00e3o do programa. 21.30h \u2013 \u201cA Imprensa de Inspira\u00e7\u00e3o Crist\u00e3, \u2013 Servi\u00e7o P\u00fablico\u201d, Prof. Lu\u00eds Santos.<\/p>\n<p><strong>24 Mar\u00e7o \u2013 Sexta-feira:<\/strong> 10.00h \u2013 Abertura oficial. 11.00h \u2013 \u201cJornalismo de Valores e de Proximidade\u201d, Dr. Pedro Coelho. 13.00h \u2013 Almo\u00e7o. 15.00h \u2013 Painel &#8220;Cocktail de Imprensa&#8221; moderado pelo Dr. M\u00e1rio Martins. &#8220;Publicidade &#8211; Dr. Jo\u00e3o Palmeiro&#8221;; &#8220;Mercado de Vendas e Assinaturas &#8211; Dr. Jo\u00e3o Moraes Palmeiro&#8221;; &#8220;Internet &#8211; Dr. Nelson Rodrigues&#8221;; &#8220;Forma\u00e7\u00e3o &#8211; Dr. Fernando Cascais&#8221;; &#8220;Parcerias &#8211; Dr. Ant\u00f3nio R\u00eago&#8221;. 18.00h &#8211; Eucaristia presidida por D. Manuel Clemente, Presidente da Comiss\u00e3o Episcopal da Cultura, dos Bens Culturais e das Comunica\u00e7\u00f5es Sociais. 19.00h &#8211; Passeio, jantar e Noite cultural.<\/p>\n<p><strong>25 Mar\u00e7o \u2013 S\u00e1bado:<\/strong> 08.00h \u2013 Assembleia Geral da AIC. 10.00h \u2013 &#8220;Marketing&#8221; &#8211; Dr. Carlos Liz. 11.00h \u2013 Sess\u00e3o solene e Leitura das Conclus\u00f5es. 13.00h \u2013 Almo\u00e7o de Encerramento.<\/p>\n<p style=\"text-align: center;\"><strong>Conclus\u00f5es do 6\u00ba Congresso:<\/strong><\/p>\n<p>O 6\u00ba Congresso da Associa\u00e7\u00e3o de Imprensa de Inspira\u00e7\u00e3o Crist\u00e3, reunido em Turcifal de 23 a 25 de Mar\u00e7o de 2006, para reflectir sobre o tema \u201cImprensa de Inspira\u00e7\u00e3o Crist\u00e3, Novos Caminhos\u201d, aprova as seguintes conclus\u00f5es:<\/p>\n<p>1 \u2013 Em tempos de mudan\u00e7a e crise, urge que a imprensa de inspira\u00e7\u00e3o crist\u00e3 corresponda aos desafios. A diferen\u00e7a da sua identidade, de servi\u00e7o p\u00fablico, alicer\u00e7ada nos valores que defende, com uma aten\u00e7\u00e3o particular ao outro, implica a inova\u00e7\u00e3o permanente.<\/p>\n<p>2 \u2013 Importa conquistar novos p\u00fablicos, especialmente jovens, adequando a comunica\u00e7\u00e3o \u00e0s novas formas de interac\u00e7\u00e3o. Exigimos que o Estado cumpra as leis relativas ao sector, \u201cn\u00e3o prestando por isso nenhum favor\u201d.<\/p>\n<p>3 \u2013 A imprensa crist\u00e3, assente num jornalismo de valores, na rela\u00e7\u00e3o de \u201cproximidade\u201d e \u201cindepend\u00eancia\u201d, deve suscitar o debate, promover o esclarecimento da opini\u00e3o p\u00fablica e educar para os Media, exercendo a sua fun\u00e7\u00e3o social.<\/p>\n<p>4 \u2013 Os novos tempos exigem uma resposta adequada \u00e0 falta de organiza\u00e7\u00e3o comercial com uma estrat\u00e9gia baseada no marketing directo. Os \u00f3rg\u00e3os de comunica\u00e7\u00e3o social de inspira\u00e7\u00e3o crist\u00e3 devem apostar no mercado das assinaturas para fidelizar os leitores e aumentar as vendas efectivas.<\/p>\n<p>5 \u2013 \u00c9 importante refor\u00e7ar a profissionaliza\u00e7\u00e3o e a forma\u00e7\u00e3o integrada sustentada nas novas tecnologias, como a presen\u00e7a na internet e estabelecer parcerias que tornem o produto jornal\u00edstico com maior qualidade.<\/p>\n<p>6 \u2013 A AIC repudia as altera\u00e7\u00f5es em curso, no sector da comunica\u00e7\u00e3o social, no que respeita ao estatuto do jornalista e \u00e0 taxa de regula\u00e7\u00e3o e supervis\u00e3o da nova entidade reguladora. Estar\u00e1 atenta para, no local pr\u00f3prio, fazer ouvir a sua voz.<\/p>\n<p>7 \u2013 Os \u00f3rg\u00e3os de comunica\u00e7\u00e3o de inspira\u00e7\u00e3o crist\u00e3 devem conhecer o consumidor dos seus produtos, de forma a potenciar a comunica\u00e7\u00e3o atrav\u00e9s do marketing. Importa ainda que estabele\u00e7am parcerias para vender melhor, no mercado de publicidade, o valor e a vantagem competitiva desta imprensa.<\/p>\n<p>8 \u2013 Os 73 congressistas sa\u00fadam a direc\u00e7\u00e3o da AIC, liderada pelo padre Ant\u00f3nio Salvador dos Santos, fazendo votos de continua\u00e7\u00e3o de um excelente trabalho. Depositam confian\u00e7a nos \u00f3rg\u00e3os sociais, hoje eleitos, e auguram um futuro promissor, nos novos caminhos que importa percorrer.<\/p>\n<p>Turcifal, 25 de Mar\u00e7o de 2006.<\/p>\n<p>&nbsp;<\/p>\n<p style=\"text-align: center;\"><strong>7\u00ba Congresso da AIC\u00a0&#8211; Bragan\u00e7a 2008<\/strong><\/p>\n<p style=\"text-align: center;\"><strong> &#8220;Vencer Impactos&#8221;<\/strong><\/p>\n<p style=\"text-align: center;\">(realizado em Bragan\u00e7a, nos dias 27, 28 e 29 de Novembro de 2008)<\/p>\n<p style=\"text-align: center;\"><strong>Programa do 7\u00ba Congresso:<\/strong><\/p>\n<p style=\"text-align: center;\">&#8211; &#8220;Imprensa de Inspira\u00e7\u00e3o Crist\u00e3 &#8211; Vencer Impactos&#8221;<\/p>\n<p><strong>Dia 27 (Quinta feira):\u00a0<\/strong><\/p>\n<p>19H00 &#8211; Abertura do Secretariado<\/p>\n<p>&#8211; Informa\u00e7\u00f5es.<\/p>\n<p>&#8211; Jantar (livre).<\/p>\n<p><strong>Dia 28 (Sexta feira):\u00a0<\/strong><\/p>\n<p>09H00 &#8211; Abertura Oficial do Congresso.<\/p>\n<p>10H00 &#8211; Painel: <strong>&#8220;Impactos sobre a Comunica\u00e7\u00e3o Social&#8221;, \u00a0<\/strong>moderado por Pe. El\u00edsio Assun\u00e7\u00e3o;<\/p>\n<p>Mesa composta por: Carlos Camponez (Prof. Catedr\u00e1tico);<\/p>\n<p>&#8211; Intervalo.<\/p>\n<p>11H15 &#8211; Painel: <strong>&#8220;Imprensa e Digital; Parceiros ou Concorrentes&#8221;,<\/strong> moderado por Dr\u00aa Maria da Concei\u00e7\u00e3o Vieira;<\/p>\n<p>Mesa composta \u00a0por: Manuel Pinto (Prof. Catedr\u00e1tico), Lu\u00edsa Ribeiro (Jornalista) e\u00a0S\u00e9rgio Gomes (Jornalista);<\/p>\n<p>13H00 &#8211; Almo\u00e7o no Hotel;<\/p>\n<p>&#8211; Tarde Cultural.<\/p>\n<p>15H30 &#8211; Conhecer a cidade &#8211; Video\u00a0&#8211; Visitas guiadas.<\/p>\n<p>20H00 &#8211; Jantar, oferecido pela Autarquia com anima\u00e7\u00e3o e m\u00fasica popular;<\/p>\n<p>&#8211; Noite Livre.<\/p>\n<p><strong>Dia 29 (S\u00e1bado):<\/strong><\/p>\n<p>09H00 &#8211; Painel: <strong>&#8220;Tentativas para Vencer Impactos&#8221;,<\/strong> moderado pelo Jornalista Fernando Miguel;<\/p>\n<p>Mesa composta por: Augusto Lopes (Mensageiro Not\u00edcias), Pedro Concei\u00e7\u00e3o (Dep. Comunica\u00e7\u00e3o Social &#8211; Arquidiocese de \u00c9vora) e Fernando Monteiro (Adm do Di\u00e1rio do Minho);<\/p>\n<p>&#8211; Intervalo.<\/p>\n<p>11H15 &#8211; Painel: <strong>&#8220;Imprensa Regional no Contexto das Regi\u00f5es&#8221;<\/strong>, \u00a0moderado por Pe. Fernando Calado;<\/p>\n<p>Mesa composta por: Francisco Cepeda (Prof. Jubilado), C\u00e9sar Urbino (ex-Dir. de Voz do Nordeste) e Alexandre Manuel (Jornalista);<\/p>\n<p>&#8211; Intervalo.<\/p>\n<p>12H15 &#8211; Sess\u00e3o Solene &#8211; <strong>Homenagem aos associados:<\/strong><\/p>\n<p>C\u00f3n. Adriano Santo, C\u00f3n. Jos\u00e9 Vieira e Jornalista Inoc\u00eancio Pereira.<\/p>\n<p>&#8211; Leitura das Conclus\u00f5es.<\/p>\n<p>Interven\u00e7\u00f5es:<\/p>\n<p>-Membro do Governo;<\/p>\n<p>&#8211; D. Manuel Clemente, Presidente da Comiss\u00e3o Episcopal da Cultura, Bens Culturais e Comunica\u00e7\u00f5es Sociais.<\/p>\n<p>&#8211; Almo\u00e7o de Confraterniza\u00e7\u00e3o.<\/p>\n<p>&#8212;&#8212;&#8212;&#8212;&#8212;&#8212;&#8212;&#8212;&#8212;&#8212;&#8212;&#8212;&#8212;&#8212;-<\/p>\n<p style=\"text-align: center;\"><strong>Conclus\u00f5es do VII Congresso da AIC:<\/strong><\/p>\n<p>&#8220;Vencer impactos&#8221;, foi o tema e o prop\u00f3sito que levou \u00e0 realiza\u00e7\u00e3o do VII Congresso da Associa\u00e7\u00e3o de Imprensa de Inspira\u00e7\u00e3o Crist\u00e3 (AIC), realizado de 27 a 29 de Novembro de 2008, na cidade de Bragan\u00e7a.<\/p>\n<p>Em dia de forte nev\u00e3o, os congressistas foram acolhidos pelas palavras calorosas do Governador Civil e do Presidente da C\u00e2mara de Bragan\u00e7a.<\/p>\n<p>Tamb\u00e9m D. Ant\u00f3nio Montes, Bispo de Bragan\u00e7a-Miranda, saudou os participantes no Congresso, desafiando a imprensa crist\u00e3 a transformar as dificuldades em oportunidades, com o objectivo de se vencerem os impactos negativos actuais.<\/p>\n<p>Participaram nesta iniciativa oitenta e tr\u00eas congressistas, que aprovaram as seguintes considera\u00e7\u00f5es e conclus\u00f5es:<\/p>\n<p>1 &#8211; Colocam-se \u00e0 imprensa regional, e nomeadamente \u00e0 de inspira\u00e7\u00e3o crist\u00e3, neste per\u00edodo de crise econ\u00f3mica e social, v\u00e1rios desafios que devem assentar em estrat\u00e9gias de actua\u00e7\u00e3o a v\u00e1rios n\u00edveis: maior profissionalismo, melhoria das estruturas t\u00e9cnicas, comerciais, de marketing e de administra\u00e7\u00e3o, melhoria dos produtos em termos de apresenta\u00e7\u00e3o est\u00e9tica e de conte\u00fado.<\/p>\n<p>2 &#8211; Neste repensar de estrat\u00e9gias, os leitores devem ser a prioridade, sobretudo os mais jovens, garante do futuro da imprensa. Da\u00ed a import\u00e2ncia da aposta: nas novas tecnologias, na digitaliza\u00e7\u00e3o e na forma\u00e7\u00e3o dos profissionais nas novas linguagens de comunica\u00e7\u00e3o, possibilitando um jornalismo c\u00edvico e de proximidade em que os leitores colaboram na elabora\u00e7\u00e3o de conte\u00fados e onde se concebe a comunica\u00e7\u00e3o como um di\u00e1logo.<\/p>\n<p>3 &#8211; Um dos maiores desafios actuais que se colocam \u00e0 imprensa regional \u00e9 a coopera\u00e7\u00e3o entre os v\u00e1rios t\u00edtulos, que promova a complementaridade, respeitando a identidade de cada publica\u00e7\u00e3o, fomentando um maior fortalecimento e impacto da imprensa de inspira\u00e7\u00e3o crist\u00e3.<\/p>\n<p>4 &#8211; \u00c9 unanimemente aceite que a imprensa e o digital s\u00e3o parceiros e n\u00e3o concorrentes, pelo que se imp\u00f5e o acompanhamento da marcha imposta pelo digital, com a adapta\u00e7\u00e3o a esta nova realidade. Da\u00ed a necessidade de se pensarem os projectos em rede, de se rentabilizarem recursos e de uma programa\u00e7\u00e3o numa escala mais ampla.<\/p>\n<p>Neste VII Congresso, a AIC homenageou: os C\u00f3negos Adriano Santo e Jos\u00e9 Vieira e o jornalista Inoc\u00eancio Pereira, expressando-lhes todo o reconhecimento da associa\u00e7\u00e3o pelo trabalho e dedica\u00e7\u00e3o ao servi\u00e7o da imprensa crist\u00e3.<\/p>\n<p>O Presidente da Direc\u00e7\u00e3o da AIC, Padre Salvador dos Santos, em nome dos associados, reiterou a pol\u00edtica negativa deste Governo para o sector da Comunica\u00e7\u00e3o Social. A Associa\u00e7\u00e3o de Imprensa de Inspira\u00e7\u00e3o Crist\u00e3 exige ao Estado que cumpra o protocolo com as associa\u00e7\u00f5es, e de que h\u00e1 legisla\u00e7\u00e3o publicada, para a distribui\u00e7\u00e3o equitativa da publicidade institucional, como reconhecimento do servi\u00e7o p\u00fablico prestado, e que mantenha como priorit\u00e1rio o incentivo \u00e0 leitura, para que n\u00e3o se perca a liga\u00e7\u00e3o com a comunidade portuguesa na di\u00e1spora e pa\u00edses lus\u00f3fonos.<\/p>\n<p>Pedro Berhan da Costa, presidente do Gabinete dos Meios de Comunica\u00e7\u00e3o Social, manifestou a disponibilidade deste organismo governamental para discutir e avaliar com a associa\u00e7\u00e3o as pol\u00edticas p\u00fablicas respeitantes \u00e0 comunica\u00e7\u00e3o social e, mais concretamente, \u00e0 de inspira\u00e7\u00e3o crist\u00e3.<\/p>\n<p>D. Manuel Clemente, Bispo do Porto e Presidente da Comiss\u00e3o Episcopal da Cultura, Bens Culturais e Comunica\u00e7\u00f5es Sociais, no encerramento do Congresso, deixou aos participantes uma mensagem de alento e de esperan\u00e7a e recordou que os grandes desafios para a imprensa de inspira\u00e7\u00e3o crist\u00e3 s\u00e3o econ\u00f3micos e de \u00e2mbito tecnol\u00f3gico e frisou a import\u00e2ncia do papel da AIC enquanto associa\u00e7\u00e3o que conjuga e representa os t\u00edtulos de inspira\u00e7\u00e3o crist\u00e3 de Portugal e tamb\u00e9m pela iniciativa da organiza\u00e7\u00e3o deste congresso, no qual foram apresentados bons exemplos de iniciativas de \u00f3rg\u00e3os de comunica\u00e7\u00e3o social que procuram ultrapassar os constrangimentos e dificuldades com dinamismo, transformando problemas em projectos vi\u00e1veis e compensadores.<\/p>\n<p><strong>Agradecimentos:<\/strong><\/p>\n<p>A Comiss\u00e3o Organizadora do VII Congresso da AIC apresenta o seu agradecimento \u00e0s entidades que colaboraram na organiza\u00e7\u00e3o deste evento, nomeadamente: C\u00e2mara Municipal de Bragan\u00e7a, Regi\u00e3o de Turismo do Nordeste Transmontano (em extin\u00e7\u00e3o), Barclays, Junta de Freguesia da S\u00e9 de Bragan\u00e7a, Gabinete dos Meios de Comunica\u00e7\u00e3o Social, \u00a0Jornal &#8220;Mensageiro Not\u00edcias&#8221; e Governo Civil de Bragan\u00e7a.<\/p>\n<p><strong>\u00a0&#8212;&#8212;&#8212;&#8212;&#8212;&#8212;&#8212;&#8212;&#8212;&#8212;&#8212;&#8212;&#8212;&#8212;&#8212;&#8212;&#8212;&#8212;&#8212;&#8212;&#8212;&#8212;&#8211;<\/strong><\/p>\n<p>&nbsp;<\/p>\n<p style=\"text-align: center;\"><strong>VIII Congresso da AIC<\/strong><\/p>\n<p style=\"text-align: center;\"><strong>\u201cReinventar\/Fechar Jornais\u201d<\/strong><\/p>\n<p style=\"text-align: center;\">(Realizado no Semin\u00e1rio Diocesano de Leiria, nos dias 11 e 12 de Novembro de 2011)<\/p>\n<p style=\"text-align: center;\"><strong>Programa:<\/strong><\/p>\n<p><strong>11 de Novembro:<\/strong><\/p>\n<p>08h00 \u2013 Abertura do secretariado<\/p>\n<p>09h45 \u2013 Sess\u00e3o de abertura \u2013 D. Ant\u00f3nio Marto, Bispo de Leiria -F\u00e1tima, e entidades\u00a0convidadas<\/p>\n<p>10h15 \u2013 Painel \u201cAn\u00e1lises\u201d \u2013 Alexandre Manuel, jornalista e professor universit\u00e1rio;<\/p>\n<p>Pedro Jer\u00f3nimo, do Observat\u00f3rio Ciberjornalismo; Lu\u00eds Miguel Ferraz, de &#8220;O Mensageiro&#8221;<\/p>\n<p><em>Moderadora: Lu\u00edsa Ribeiro, do Di\u00e1rio do Minho<\/em><\/p>\n<p>11h45 \u2013 Intervalo<\/p>\n<p>12h15 \u2013 Painel \u201cTestemunhos\u201d \u2013 Experi\u00eancia dos jornais Reconquista e Folha do Domingo<\/p>\n<p>13h00 \u2013 Almo\u00e7o<\/p>\n<p>14h30 \u2013 Painel \u201cRealidades\u201d \u2013 Debate com intervenientes nos pain\u00e9is da manh\u00e3<\/p>\n<p>15h30 \u2013 Visita ao Mo\u00ednho de Papel em Leiria<\/p>\n<p>16h30 \u2013 Visita ao Mosteiro de Santa Maria da Vit\u00f3ria<\/p>\n<p>18h00 \u2013 Visita ao Museu da Comunidade Concelhia da Batalha<\/p>\n<p>20h00 \u2013 Jantar cultural no restaurante \u201cA Aldeia de Santo Ant\u00e3o\u201d<\/p>\n<p><strong>12 de Novembro:<\/strong><\/p>\n<p>09h30 \u2013 Confer\u00eancia \u201cPotencialidades\u201d \u2013 C\u00f3nego Jo\u00e3o Aguiar, presidente do conselho de\u00a0administra\u00e7\u00e3o da R\u00e1dio Renascen\u00e7a.<\/p>\n<p>10h45 \u2013 Intervalo<\/p>\n<p>11h15 \u2013 Painel \u201cPerspectivas\u201d \u2013 Ant\u00f3nio Granado, professor universit\u00e1rio; Alexandra Ser\u00f4dio,\u00a0jornalista do JN; Nuno Ros\u00e1rio Fernandes, do Departamento da Comunica\u00e7\u00e3o do\u00a0Patriarcado de Lisboa; Tony Neves, da Miss\u00e3o Press<\/p>\n<p><em>Moderadora: Maria da Concei\u00e7\u00e3o Vieira, do Jornal da Fam\u00edlia<\/em><\/p>\n<p>13h00 \u2013 Almo\u00e7o<\/p>\n<p>15h00 \u2013 Filme \u201cVox Populi\u201d<\/p>\n<p>\u2013 Painel \u201cRumos\u201d \u2013 Debate com os intervenientes no painel da manh\u00e3<\/p>\n<p>17h00 \u2013 Sess\u00e3o de encerramento \u2013 D. Jo\u00e3o Lavrador, Bispo auxiliar do Porto, e entidades\u00a0convidadas<\/p>\n<p>\u2013 Leitura das conclus\u00f5es<\/p>\n<p>17h30 &#8211; Visita ao\u00a0Museu da Imagem em Movimento (MIMO), em Leiria.<\/p>\n<p style=\"text-align: center;\"><strong>Conclus\u00f5es do 8\u00ba Congresso:<\/strong><\/p>\n<p style=\"text-align: center;\"><strong>Onde \u00e9 que queremos estar no pr\u00f3ximo congresso?<\/strong><\/p>\n<p style=\"text-align: center;\">VIII Congresso da Associa\u00e7\u00e3o de Imprensa de Inspira\u00e7\u00e3o Crist\u00e3<\/p>\n<p style=\"text-align: center;\"><strong>CONCLUS\u00d5ES:<\/strong><\/p>\n<p>Num tempo de crise, em que diminui o n\u00famero de leitores e com o boom das novas plataformas digitais de comunica\u00e7\u00e3o, seis dezenas de pessoas, sobretudo respons\u00e1veis de jornais e jornalistas, reflectiram sobre \u00abReinventar ou fechar jornais?\u00bb, a 11 e 12 de Novembro, em Leiria.<\/p>\n<p>O desaparecimento de t\u00edtulos, (na \u00faltima d\u00e9cada, j\u00e1 fecharam 77 t\u00edtulos da AIC) tem vindo a preocupar os respons\u00e1veis da associa\u00e7\u00e3o de imprensa de inspira\u00e7\u00e3o crist\u00e3. Os tempos s\u00e3o de incerteza, mas a imprensa regional cumpre \u00abservi\u00e7o p\u00fablico\u00bb, liga as pessoas \u00e0 comunidade e \u00e0 di\u00e1spora. \u00c9 \u00abmem\u00f3ria hist\u00f3rica do pa\u00eds e do povo\u00bb.<\/p>\n<p>Est\u00e3o a\u00ed \u00abdesafios, impactos e exig\u00eancias, que se colocam de modo mais premente e at\u00e9 amea\u00e7ador\u00bb. A realidade \u00e9 conhecida e o diagn\u00f3stico est\u00e1 feito h\u00e1 muito tempo. \u00abPara quando as parcerias, a profissionaliza\u00e7\u00e3o e a entrada definitiva no digital?\u00bb Reinventar os jornais, para evitar o seu fecho, passa pela forma\u00e7\u00e3o profissional, pela aposta no marketing e pelas novas plataformas digitais.<\/p>\n<p>\u00abAlgures entre a esperan\u00e7a e o medo\u00bb, o rumo ao futuro passa por sair do \u00abaqu\u00e1rio\u00bb, e iniciar um caminho com as coordenadas da identidade, das parcerias, da interac\u00e7\u00e3o, das solu\u00e7\u00f5es integradas de comunica\u00e7\u00e3o sem esquecer que somos \u00abag\u00eancias de sentido\u00bb. \u00abAcabou o tempo de fazer de conta e para quem est\u00e1 a fazer de conta, acabou mesmo o tempo\u00bb.<\/p>\n<p>Mais do que \u00abcomunicar para\u00bb \u00e9 preciso \u00abcomunicar com\u00bb, aproveitando a converg\u00eancia entre os diferentes suportes (tradicionais e digitais) e que os jornalistas assumam, cada vez mais, o papel de mediadores. Os jornais em papel ter\u00e3o futuro se os conseguirmos reinventar, rasgando e alargando horizontes. A imprensa de inspira\u00e7\u00e3o crist\u00e3 \u00abn\u00e3o cumprir\u00e1 o seu papel se continuar desgarrada da pastoral, dessintonizada da Igreja ou cercada pelos muros do adro\u00bb.<\/p>\n<p>A imprensa de inspira\u00e7\u00e3o crist\u00e3 apela aos respons\u00e1veis da tutela para que mantenham o apoio de incentivo \u00e0 leitura, como reconhecimento do servi\u00e7o p\u00fablico que esta presta. A AIC lembra que continua a ser o \u00abparente pobre da comunica\u00e7\u00e3o social\u00bb, ainda que represente um milh\u00e3o e meio de leitores.<\/p>\n<p>O Secret\u00e1rio de Estado, respons\u00e1vel pela tutela, reconheceu o papel que a imprensa de inspira\u00e7\u00e3o crist\u00e3 desempenha e os valores que promove, disponibilizando-se para dialogar com a AIC no sentido de encontrar solu\u00e7\u00f5es para os problemas que o sector atravessa.<\/p>\n<p>A Comiss\u00e3o do 8\u00ba Congresso da AIC agradece a todas as entidades que colaboraram na organiza\u00e7\u00e3o deste evento, nomeadamente: Presidentes da C\u00e2mara Municipal de Batalha e de Leiria, Entidade Regional de Turismo de Leiria-F\u00e1tima, Comiss\u00e3o Intermunicipal do Pinhal de Leiria, Caixa de Cr\u00e9dito Agr\u00edcola e Mosteiro da Batalha, Instituto Polit\u00e9cnico de Leiria, Banco Santander-Totta, Gabinete para os Meios de Comunica\u00e7\u00e3o Social, Jornais \u00abO Mensageiro\u00bb, \u00abA Defesa\u00bb, a revista \u00abF\u00e1tima Mission\u00e1ria\u00bb e ao reitor do Semin\u00e1rio diocesano de Leiria, pela sua recep\u00e7\u00e3o e agrad\u00e1vel estadia que proporcionou a todos os congressistas, n\u00e3o esquecendo outras entidades que directa ou indirectamente nos apoiaram neste evento.<\/p>\n<p><em>Congresso da AIC, no Semin\u00e1rio Diocesano de Leiria, aos 12Nov2011.<\/em><\/p>\n<p><strong>\u00a0<\/strong><\/p>\n<p style=\"text-align: center;\"><strong>IX Congresso<\/strong><\/p>\n<p style=\"text-align: center;\">\u00a0<strong>\u201cMEDIAdores da alegria e do encontro\u201d<\/strong><\/p>\n<p style=\"text-align: center;\">(realizado no Hotel de S. Bento da Porta Aberta, Rio Caldo &#8211; Ger\u00eas, nos dias 23, 24 e 25 de outubro de 2014)<\/p>\n<p style=\"text-align: center;\">\u00a0Programa:<\/p>\n<p><strong>Dia 23 de outubro (quinta feira):<\/strong><\/p>\n<p>21h15 \u2013 Apresenta\u00e7\u00e3o de Boas Vindas pelo Presidente da Assembleia Geral da AIC, C\u00f3n.\u00a0Jo\u00e3o Aguiar Campos;<\/p>\n<p>21h30 \u2013 <strong>Sess\u00e3o de Abertura<\/strong> \u2013 D. Jorge Ortiga, Arcebispo de Braga;<\/p>\n<p>22h00 \u2013 Confer\u00eancia: &#8211; <strong>S. Bento e a Europa &#8211; C<\/strong>arlos Aguiar Gomes, Irmandade de S. Bento da Porta Aberta.<\/p>\n<p><strong>Dia 24 de outubro (sexta feira):<\/strong><\/p>\n<p>08h00 \u2013 Missa (presidida por D. Jorge Ortiga)<\/p>\n<p>08h45\u00a0\u00a0\u00a0\u00a0 Pequeno almo\u00e7o<\/p>\n<p>09h15 \u2013 Painel \u2013 <strong>Meios de Comunica\u00e7\u00e3o Social: \u201cMediadores da alegria e do encontro\u201d<\/strong><\/p>\n<p>&#8211; <strong>Parcerias europeias<\/strong> \u2013 Pe. Duarte da Cunha, Secret\u00e1rio da CCEE<\/p>\n<p>&#8211; <strong>Parcerias empresariais<\/strong> \u2013 C\u00f3nego Fernando Monteiro, Admin. Di\u00e1rio do Minho<\/p>\n<p>&#8211; <strong>Parcerias editoriais<\/strong> \u2013 Pe. Ant\u00f3nio Leite, Presidente da Miss\u00e3o Press<\/p>\n<p>&#8211; Debate<\/p>\n<p>11h00 \u2013 Intervalo<\/p>\n<p>11h15 \u2013 Confer\u00eancia: &#8211;<strong> Pela cultura do encontro: papel dos media<\/strong> \u2013 Felisbela Lopes, Universidade do Minho<\/p>\n<p>12h30 \u2013 Interven\u00e7\u00e3o do <strong>Secret\u00e1rio de Estado Adjunto do Ministro Adjunto e do Desenv. Regional<\/strong>, <strong>Dr. Pedro Lomba<\/strong><\/p>\n<p>13h30 \u2013 Almo\u00e7o<\/p>\n<p>&#8211; Tarde Cultural\u00a0e Jantar (patrocinados pela C\u00e2mara Municipal de Terras de Bouro)<\/p>\n<p><strong>Dia 25 de outubro (s\u00e1bado):<\/strong><\/p>\n<p>09h00 \u2013 Painel: &#8211; <strong>Comunicar a alegria do Evangelho \u2013 experi\u00eancias<\/strong><\/p>\n<p>&#8211; C\u00f3nego Ant\u00f3nio R\u00eago \u2013 Padre e jornalista h\u00e1 50 anos<\/p>\n<p>&#8211; Pe. Tony Neves \u2013 Padre e jornalista h\u00e1 25 anos<\/p>\n<p>&#8211; Pe. Jorge Guarda \u2013 Dos 100 anos do \u201cMensageiro\u201d ao \u201cPresente\u201d<\/p>\n<p>10h30 \u2013 Intervalo<\/p>\n<p>11h00 \u2013 Confer\u00eancia: &#8211; <strong>Comunicar a alegria do Evangelho &#8211; desafios aos meios de comunica\u00e7\u00e3o social de inspira\u00e7\u00e3o crist\u00e3 <\/strong>&#8211; C\u00f3nego Jo\u00e3o Aguiar Campos, Presidente da Assembleia Geral da AIC.<\/p>\n<p>11H45 \u2013 Leitura das conclus\u00f5es<\/p>\n<p>12h00 \u2013 Sess\u00e3o de encerramento, com o\u00a0Presidente da Direc\u00e7\u00e3o da AIC, C\u00f3n. Ant\u00f3nio Salvador dos Santos,\u00a0<strong>D. Jo\u00e3o Lavrador<\/strong> e outras Entidades presentes.<\/p>\n<p>13h30 \u2013 Almo\u00e7o<\/p>\n<p style=\"text-align: center;\"><strong>Conclus\u00f5es do 9\u00ba Congresso:<\/strong><\/p>\n<p style=\"text-align: center;\"><strong>MEDIA<\/strong><strong>dores da Alegria e do encontro<\/strong><\/p>\n<p style=\"text-align: center;\"><strong>CONCLUS\u00d5ES:<\/strong><\/p>\n<p>Sob o lema de mediadores da alegria e do encontro realizou &#8211; se no santu\u00e1rio de S\u00e3o Bento da Porta Aberta, Terras de Bouro, Arquidiocese de Braga, durante os dias 23, 24 25 de Outubro o IX congresso da Associa\u00e7\u00e3o de Imprensa de Inspira\u00e7\u00e3o Crist\u00e3 (AIC).<\/p>\n<p>Coincidindo com os 50 anos da proclama\u00e7\u00e3o de S. Bento como padroeiro da Europa, os trabalhos desta reuni\u00e3o magna come\u00e7aram por convocar todos os congressistas \u00e0 esperan\u00e7a e \u00e0 vontade de estabelecer pontes de alegria, cultura e de encontro neste tempo actual depressivo e de desalento.<\/p>\n<p>Assim, aqui fica uma s\u00edntese daquilo que deveremos guardar como importante neste congresso.<\/p>\n<ol>\n<li><strong>H\u00e1 necessidade de reagir \u00e0 seculariza\u00e7\u00e3o que se vive na Europa, sobretudo no que concerne aos meios de comunica\u00e7\u00e3o. <\/strong><\/li>\n<\/ol>\n<p>Numa Europa onde se vive como se Deus n\u00e3o existisse, em que o tema religi\u00e3o foi tabu durante muitos anos, importa manter vivas as ra\u00edzes cultuais, criando espa\u00e7os onde as \u201cboas not\u00edcias\u201d possam chegar a todos, e parcerias que permitam a circula\u00e7\u00e3o dessa informa\u00e7\u00e3o.<\/p>\n<p>Isto implica um olhar diferente no trabalho a desenvolver pelos meios de comunica\u00e7\u00e3o crist\u00e3os, um olhar empresarial, que permita a cria\u00e7\u00e3o e partilha de conte\u00fados, em plataformas pr\u00f3prias para tal, como acontece, por exemplo, com a Miss\u00e3o Press.<\/p>\n<p>H\u00e1 que reagir, para dar a conhecer a Igreja, a sua realidade e promover uma verdadeira e real evangeliza\u00e7\u00e3o, trabalhando em rede e usando a Igreja \u2013 que \u00e9 uma rede ela mesma \u2013 como veiculo transmissor de \u201cboas mensagens\u201d.<\/p>\n<ol start=\"2\">\n<li><strong>\u00c9 preciso dar destaque a temas importantes, ao inv\u00e9s de temas interessantes.<\/strong><\/li>\n<\/ol>\n<p><strong>\u00a0<\/strong>Os meios de comunica\u00e7\u00e3o crist\u00e3os t\u00eam um sentido de miss\u00e3o que n\u00e3o poder\u00e1 ser esquecido e, nesse sentido, dever\u00e3o ser espa\u00e7os onde se encontra uma informa\u00e7\u00e3o alternativa, alheia \u00e0 l\u00f3gica do consumismo e aos problemas gerados pela crise econ\u00f3mica (depend\u00eancia financeira, aus\u00eancia de objetividade, etc.). Neles deveremos encontrar a informa\u00e7\u00e3o que d\u00e1 conta das necessidades dos mais pobres e desfavorecidos, daqueles que n\u00e3o t\u00eam voz.<\/p>\n<p>Temos, pois, que diversificar os temas a tratar e contribuir para que se alterem as agendas, de modo a que possamos construir e espelhar um mundo que seja um lugar de encontro, onde as fontes s\u00e3o escolhidas por criarem valor, anunciarem inova\u00e7\u00e3o, serem rosto da esperan\u00e7a. Ou seja, h\u00e1 que \u00abconseguir fazer dos Santos noticia e n\u00e3o dos malandros\u00bb.<\/p>\n<ol start=\"3\">\n<li><strong>Abertura para as empresas e \u00f3rg\u00e3os de comunica\u00e7\u00e3o de inspira\u00e7\u00e3o crist\u00e3 no novo regime de incentivos do Estado Portugu\u00eas<\/strong><\/li>\n<\/ol>\n<p>O Dr. Pedro Lomba, secret\u00e1rio de Estado adjunto do ministro-adjunto e do Desenvolvimento Regional, garantiu abertura do governo \u00e0 participa\u00e7\u00e3o das empresas de comunica\u00e7\u00e3o de inspira\u00e7\u00e3o crist\u00e3 no novo regime de incentivos em prepara\u00e7\u00e3o para o sector. Especial destaque ser\u00e1 dado aos que trabalharem no sentido de promoverem o surgimento de novos leitores. Igualmente o governante se comprometeu em financiar, directa ou indirectamente, a divulga\u00e7\u00e3o da imprensa regional junto das escolas e outras institui\u00e7\u00f5es locais.<\/p>\n<ol start=\"4\">\n<li><strong>H\u00e1 que promover uma cultura de encontro e de alegria<\/strong><\/li>\n<\/ol>\n<p>Vivemos um tempo de profundo pessimismo. Os \u00f3rg\u00e3os de comunica\u00e7\u00e3o crist\u00e3os devem ser sinal de esperan\u00e7a e transmissores de alegria, pois dessa forma ser\u00e3o, tamb\u00e9m, promotores de uma cultura de encontro e de valoriza\u00e7\u00e3o do Homem. \u00c9 tempo de deixar os discursos pouco cred\u00edveis onde os media n\u00e3o fazem uma verdadeira leitura dos acontecimentos e se comportam sobretudo como lugares de desencontro.<\/p>\n<p>Cabe-nos cultivar um jornalismo de proximidade, criando empatia na rela\u00e7\u00e3o com as pessoas. O que importa realmente s\u00e3o as pessoas e n\u00e3o as coisas. O seu testemunho \u00e9 mais que a doutrina.<\/p>\n<p>Santu\u00e1rio de S\u00e3o Bento da porta aberta, terras de Bouro, 25 de Outubro de 2014<\/p>\n<p style=\"text-align: center;\"><strong>X Congresso<\/strong><\/p>\n<p style=\"text-align: center;\"><strong>Associa\u00e7\u00e3o de Imprensa de Inspira\u00e7\u00e3o Crist\u00e3<\/strong><\/p>\n<p style=\"text-align: center;\"><em>Almada, 26, 27 e 28 de outubro de 2017<\/em><\/p>\n<p style=\"text-align: center;\"><strong><em>Pelos 25 anos da AIC<\/em><\/strong><\/p>\n<p style=\"text-align: center;\"><strong>A meio da ponte rumo ao futuro<\/strong><\/p>\n<p style=\"text-align: center;\"><em>Modelos editoriais e empresariais para a imprensa de inspira\u00e7\u00e3o crist\u00e3<\/em><\/p>\n<p><strong>Programa:<\/strong><\/p>\n<p><u>Dia 26, quinta-feira<\/u><\/p>\n<p>18h00 \u2013 Abertura do secretariado: rece\u00e7\u00e3o e acomoda\u00e7\u00e3o dos congressistas<\/p>\n<p>21h00 \u2013 Sess\u00e3o de abertura<\/p>\n<p>21h30 \u2013 Confer\u00eancia de abertura<\/p>\n<p><strong>Comunica\u00e7\u00e3o: uma marca do cristianismo<\/strong> &#8211; <em>D. Jos\u00e9 Ornelas, bispo de Set\u00fabal <\/em><\/p>\n<p>Presidente da mesa: Padre El\u00edsio Assun\u00e7\u00e3o<\/p>\n<p><u>Dia 27, sexta-feira<\/u><\/p>\n<p>9H00 \u2013 Painel 1<\/p>\n<p><strong><em>Do lado de c\u00e1\u2026 <\/em><\/strong><em>(mem\u00f3rias da Imprensa de Inspira\u00e7\u00e3o Crist\u00e3)<\/em><\/p>\n<p>Moderadora: Anabela Sousa<em>, diretora do Gabinete de Comunica\u00e7\u00e3o da Diocese de Set\u00fabal<\/em><\/p>\n<p>. O legado de jornais centen\u00e1rios &#8211; <em>A. Jesus Ramos, diretor do Correio de Coimbra<\/em><\/p>\n<p>. Uma voz sem fronteiras \u2013 <em>Adelino Ascenso, presidente dos Institutos Mission\u00e1rios Ad Gentes (IMAG)<\/em><\/p>\n<p>. Uma marca com diferentes perfis \u2013 <em>Paulo Agostinho, editor da Ag\u00eancia Lusa<\/em><\/p>\n<p>10h30 \u2013 Intervalo<\/p>\n<p>11h00 \u2013 Painel 2<\/p>\n<p><strong>A meio da ponte\u2026 <\/strong>(an\u00e1lises sobre a Imprensa de Inspira\u00e7\u00e3o Crist\u00e3)<\/p>\n<p>Moderador: <em>Ant\u00f3nio Marques, diretor do jornal Raio de Luz<\/em><\/p>\n<p>. Compromisso entre o papel e o pixel \u2013 <em>Dami\u00e3o G. Pereira, diretor do Di\u00e1rio do Minho<\/em><\/p>\n<p>. Jornalistas somos todos \u2013 Rita Figueiras<\/p>\n<p>. Comportamentos dos p\u00fablicos \u2013 <em>Carlos Liz, s\u00f3cio gerente IPSOS APEME<\/em><\/p>\n<p>13h00 &#8211; Almo\u00e7o<\/p>\n<p>14h30 &#8211; Tarde Cultural\/Oferta da CMA: Passeio em autocarro p\/visita de alguns centros hist\u00f3ricos e culturais em Almada e arredores, seguido de jantar e espet\u00e1culo, no Teatro Azul: \u201cHist\u00f3ria do Cerco de Lisboa\u201d.<\/p>\n<p><u>Dia 28, s\u00e1bado<\/u><\/p>\n<p>9h00 \u2013 Painel 3<\/p>\n<p><strong><em>Para o lado de l\u00e1\u2026 <\/em><\/strong><em>(perspetivas para a Imprensa de Inspira\u00e7\u00e3o Crist\u00e3<strong>)<\/strong><\/em><\/p>\n<p>Moderador: <em>Lu\u00eds Miguel Ferraz, diretor-adjunto do jornal Presente<\/em><\/p>\n<p>. Identidade editorial \u2013 <em>Gra\u00e7a Franco, diretora informa\u00e7\u00e3o RR<\/em><\/p>\n<p>. Produzir e distribuir em papel e no digital &#8211; <em>Pedro Jer\u00f3nimo, professor universit\u00e1rio<\/em><\/p>\n<p>. O desafio da gest\u00e3o empresarial \u2013 <em>Jorge Saraiva, administrador do Not\u00edcias Covilh\u00e3<\/em><\/p>\n<p>10h30 &#8211; Intervalo<\/p>\n<p>10h45 \u2013 Confer\u00eancia de encerramento &#8211; <strong><em>Modelos editoriais e empresariais para a Imprensa de Inspira\u00e7\u00e3o Crist\u00e3 <\/em>&#8211; <\/strong><em>Eduardo Cintra Torres, professor universit\u00e1rio<\/em><\/p>\n<p>Presidente da mesa: Paulo Ribeiro, dire\u00e7\u00e3o da AIC<\/p>\n<p>12h00 \u2013 <strong>Sess\u00e3o comemorativa dos 25 anos da AIC e de encerramento do X Congresso<\/strong>:<\/p>\n<p>C\u00f3nego Ant\u00f3nio Salvador Santos, primeiro presidente da dire\u00e7\u00e3o da AIC<\/p>\n<p>Padre El\u00edsio Assun\u00e7\u00e3o, presidente da dire\u00e7\u00e3o da AIC<\/p>\n<p>Nuno Br\u00e1s, Comiss\u00e3o Episcopal da Cultura, Bens Culturais e Comunica\u00e7\u00f5es Sociais<\/p>\n<p>13h00 \u2013 Almo\u00e7o de encerramento<\/p>\n<p style=\"text-align: center;\"><strong>X CONGRESSO DA <\/strong><\/p>\n<p style=\"text-align: center;\"><strong>ASSOCIA\u00c7\u00c3O DE IMPRENSA DE INSPIRA\u00c7\u00c3O CRIST\u00c3<\/strong><\/p>\n<p style=\"text-align: center;\"><strong>25 ANOS<\/strong><\/p>\n<p style=\"text-align: center;\"><strong>A meio da ponte rumo ao futuro<\/strong><\/p>\n<p style=\"text-align: center;\"><strong>\u00a0<\/strong><strong>CONCLUS\u00d5ES<\/strong><\/p>\n<p>A meio da ponte rumo ao futuro \u00e9 o lema o X Congresso da Associa\u00e7\u00e3o de Imprensa de Inspira\u00e7\u00e3o Crist\u00e3 (AIC) que decorreu no Convento dos Capuchos, em Almada, entre os dias 26 e 28 de outubro de 2017, que se enquadrou nas comemora\u00e7\u00f5es dos 25 anos da funda\u00e7\u00e3o da Associa\u00e7\u00e3o.<\/p>\n<p>O congresso colheu o imagin\u00e1rio da ponte o itiner\u00e1rio para os debates que prop\u00f4s aos participantes. Primeiro, para identificar a relev\u00e2ncia da imprensa regional, nomeadamente a de inspira\u00e7\u00e3o crist\u00e3, ao longo da Hist\u00f3ria; depois para avaliar a tens\u00e3o em curso em muitos t\u00edtulos, nomeadamente entre o papel e o pixel, o impresso e o digital; indicando, num terceiro momento, que modelo empresarial e editorial deve ser assumido pelos t\u00edtulos da AIC, no contexto atual.<\/p>\n<p><strong>Comunica\u00e7\u00e3o: uma marca do cristianismo<\/strong><\/p>\n<p>E o verbo fez-se digital\u201d nestes novos tempos da comunica\u00e7\u00e3o. \u201cA Igreja n\u00e3o deve ter medo de comunicar\u201d, lembrou Jos\u00e9 Ornelas, bispo de Set\u00fabal, na abertura do Congresso, acrescentando que comunicar \u201c\u00e9 p\u00f4r-se numa arena feroz, e tantas vezes selvagem. Da\u00ed o medo de muitos, na Igreja, de expor-se deste modo. Mas \u00e9 determinante estar presente, com transpar\u00eancia e coer\u00eancia\u201d.<\/p>\n<p><strong>Do lado de c\u00e1&#8230;<\/strong><\/p>\n<p>\u201cSe Jesus Cristo vivesse hoje teria Facebook\u201d defendeu o jornalista da ag\u00eancia Lusa Paulo Agostinho, que referiu ainda que a imprensa de inspira\u00e7\u00e3o crist\u00e3 \u201cn\u00e3o \u00e9 um modelo de neg\u00f3cio\u201d e representa t\u00edtulos que d\u00e3o primazia \u00e0 opini\u00e3o, identificando-se dessa forma com tend\u00eancias editoriais da atualidade. Um dos t\u00edtulos centen\u00e1rios que perdura no tempo \u00e9 o Amigo do Povo. Um bom sinal de longevidade e de presen\u00e7a do jornalismo de proximidade, exemplo apresentado pelo seu diretor, padre Jesus Ramos. Ainda durante o primeiro painel o padre Adelino Ascenso, presidente dos IMAG, diante do mandato b\u00edblico \u201cide e anunciai\u201d, sublinhou a necessidade de dizer tamb\u00e9m \u201cide e silenciai\u201d, \u201cide e escutai\u201d, \u201cide e aprendei\u201d, \u201cide e acompanhai\u201d, \u201cide e estai com\u201d. Sugere, ainda, que \u00e9 necess\u00e1rio \u201crepensar o paradigma da miss\u00e3o\u201d, a narrar nos media de \u201cforma convincente\u201d.<\/p>\n<p><strong>A meio da ponte\u2026<\/strong><\/p>\n<p>\u201cA imprensa de inspira\u00e7\u00e3o crist\u00e3 tem como target o p\u00fablico mais &#8216;sexy&#8217; que h\u00e1 na sociedade\u201d, ou seja, os pr\u00f3ximos anos v\u00e3o ser das gera\u00e7\u00f5es com 60 e 70 anos, \u201co p\u00fablico alvo dos t\u00edtulos da AIC\u201d defendeu Carlos Liz, especialista em estudos de mercado. Ainda durante o segundo painel, foi apresentado o projeto de desenvolvimento tecnol\u00f3gico do Di\u00e1rio do Minho, que ter\u00e1 nos pr\u00f3ximos dias um novo portal online com imagem renovada e linguagem atualizada. \u201cN\u00e3o se pode ficar parado\u201d, disse o seu diretor, Dami\u00e3o Pereira, afirmando a necessidade de investimentos no setor por parte dos respons\u00e1veis da Igreja Cat\u00f3lica.<\/p>\n<p><strong>Para o lado de l\u00e1\u2026<\/strong><\/p>\n<p>\u201cJuntos somos mais fortes, n\u00e3o apenas para reivindicar apoios\u201d, mas para unir esfor\u00e7os defendeu Pedro Jer\u00f3nimo, professor universit\u00e1rio, que quer ver jornalistas e meios de inspira\u00e7\u00e3o crist\u00e3 \u201ca partilhar conte\u00fados\u201d e com uma presen\u00e7a mais forte nos meios digitais.<\/p>\n<p>Gra\u00e7a Franco, diretora de informa\u00e7\u00e3o da R\u00e1dio Renascen\u00e7a, gostava de \u201cromper com a tradicional not\u00edcia\u201d estereotipada da religi\u00e3o cat\u00f3lica; \u201cassumir a diferen\u00e7a, ter carinho pelo nosso p\u00fablico, que na febre de informar muitas vezes \u00e9 esquecido. Alertou para o \u201cNew age\u201d, para a descristianiza\u00e7\u00e3o e ignor\u00e2ncia; defendeu \u201cboas hist\u00f3rias com valores humanos\u201d e citou o papa Francisco na necessidade de ter \u201cos p\u00e9s assentes na terra\u201d.<\/p>\n<p>\u201cGlobaliza\u00e7\u00e3o dos neg\u00f3cios leva a uma regenera\u00e7\u00e3o dos meios e dos t\u00edtulos que se pretende simples e \u00e1gil\u201d, defende Jorge Saraiva, administrador do Not\u00edcias da Covilh\u00e3, tendo em conta \u201cValor sem uso \u00e9 desperd\u00edcio\u201d; \u201cAcesso \u00e9 mais importante do que a propriedade\u201d; e \u201cMod\u00e9stia em excesso \u00e9 pecado\u201d.<\/p>\n<p><strong>Modelos editoriais e empresariais para a Imprensa de inspira\u00e7\u00e3o crist\u00e3<\/strong><\/p>\n<p>\u201cConte\u00fados com vida pr\u00f3pria e independentes entre si\u201d s\u00e3o defendidos por Eduardo Cintra Torres, professor universit\u00e1rio, que indicou \u201ct\u00e1ticas de capta\u00e7\u00e3o de leitores, como por exemplo a constru\u00e7\u00e3o de t\u00edtulos motivadores\u201d. O professor sugeriu um \u201cagregador comum\u201d e perguntou se \u201cpode a associa\u00e7\u00e3o ser um agregador, por exemplo, de publicidade e de conte\u00fados\u201d. Terminou com a afirma\u00e7\u00e3o: \u201cSe h\u00e1 amea\u00e7as na internet, tamb\u00e9m h\u00e1 oportunidades\u201d.<\/p>\n<p><strong>Sess\u00e3o comemorativa dos 25 anos da AIC e de encerramento do X Congresso,<\/strong><\/p>\n<p>Nuno Br\u00e1s, bispo da Comiss\u00e3o Episcopal da Cultura, Bens Culturais e Comunica\u00e7\u00f5es Sociais, defendeu a ideia que \u201c\u00e9 preciso tomar a\u00e7\u00f5es para nos levarem a s\u00e9rio\u201d. Ainda segundo Nuno Br\u00e1s temos de trazer a comunica\u00e7\u00e3o regional para a ribalta, assim como a mensagem da f\u00e9 crist\u00e3. \u201cTemos de aceitar que somos meios diferentes e assumir a comunica\u00e7\u00e3o como tarefa. Mais importante que a not\u00edcia \u00e9 a comunica\u00e7\u00e3o em si. As pessoas comunicarem entre elas \u00e9 a tarefa mais importante da nossa realidade e n\u00e3o s\u00f3 n\u00e3o devemos ter medo dessa realidade, como devemos exigir esta especificidade\u201d.<\/p>\n<p>O presidente da AIC, El\u00edsio Assun\u00e7\u00e3o, exigiu que a ERC \u201ctenha outro comportamento, que tenha um papel de aconselhamento e n\u00e3o de obstru\u00e7\u00e3o \u00e0 vida dos meios de comunica\u00e7\u00e3o crist\u00e3\u201d, nomeadamente em termos de classifica\u00e7\u00e3o de meios. \u201c\u00c9 tempo para arrega\u00e7ar as mangas\u201d, desafiou El\u00edsio Assun\u00e7\u00e3o.<\/p>\n<p>&#8212;&#8212;&#8212;&#8212;&#8212;&#8212;&#8212;&#8212;&#8212;&#8212;&#8212;&#8212;&#8212;&#8212;&#8212;&#8212;&#8212;&#8212;&#8212;&#8212;&#8212;<\/p>\n<p style=\"text-align: center;\"><a href=\"https:\/\/aiic.pt\/wp-content\/uploads\/Logo-AIC.jpg\" target=\"_blank\" rel=\"noopener\"><img loading=\"lazy\" decoding=\"async\" class=\"alignnone size-full wp-image-219\" src=\"https:\/\/aiic.pt\/wp-content\/uploads\/Logo-AIC.jpg\" alt=\"Logo AIC\" width=\"132\" height=\"105\" \/><\/a><\/p>\n<p style=\"text-align: center;\"><strong>Outros Congressos:<\/strong><\/p>\n<p style=\"text-align: center;\"><strong>\u00a0Congressos da UCIP<\/strong><\/p>\n<p>&nbsp;<\/p>\n<p style=\"text-align: center;\">A direc\u00e7\u00e3o da AIC participou nos congressos da UCIP de Graz na \u00c1ustria, Paris e Friburgo tendo sido os \u00fanicos representantes portugueses nestes congressos mundiais, onde fomos carinhosamente acolhidos por Mons. Joseph Foley, Presidente do Conselho Pontif\u00edcio das Comunica\u00e7\u00f5es Sociais.<\/p>\n<p><strong>\u201cPOR UMA \u00c9TICA DE PAZ NUM MUNDO DE VIOL\u00caNCIA\u201d<\/strong><\/p>\n<p>Realizou-se em Setembro na cidade de Graz, \u00c1ustria, o 17.\u00ba Congresso Mundial da UCIP \u2014 Uni\u00e3o Cat\u00f3lica Internacional de Imprensa, sobre o tema \u201cPor uma \u00c9tica de Paz num mundo de Viol\u00eancia\u201d. Contou com a presen\u00e7a de 700 congressistas, mais os respons\u00e1veis da Organiza\u00e7\u00e3o, provenientes de todos os quadrantes do globo. Pelo Congresso passaram in\u00fameras personalidades, sobretudo na sess\u00e3o de abertura que contou com as presen\u00e7as do chefe de Estado Austr\u00edaco Thomas Klestil e o Cardeal Carlo Maria Martini, Arcebispo de Mil\u00e3o e Joseph Foley Presidente do Conselho Pontif\u00edcio das Comunica\u00e7\u00f5es Sociais e muitas outras individualidades internacionais e locais. Depois da leitura da Mensagem do Papa aos congressistas, teve lugar os discursos oficiais e por fim a primeira grande interven\u00e7\u00e3o de fundo do Cardeal Martini que come\u00e7ou por afirmar: \u201c\u2026os jornalistas t\u00eam de estar \u00e0 altura da sua F\u00e9 e forma\u00e7\u00e3o para, na descoberta da verdade, poderem enfrentar as realidades que se colocam no dia-a-dia\u201d. O Congresso decorreu com diversos pain\u00e9is por temas e salas paralelas conforme as op\u00e7\u00f5es dos participantes. Naquele are\u00f3pago se fizeram sentir de \u201cviva-voz\u201d as preocupa\u00e7\u00f5es, ang\u00fastias e os sentimentos dos representantes de todos os continentes em torno do tema escolhido. No \u00e2mbito dos trabalhos, os Congressistas foram obsequiados com algumas recep\u00e7\u00f5es de Estado e a bom n\u00edvel. De todas, a visita \u00e1 cidade de Maribor, na Eslov\u00e9nia, foi aquela que mais nos marcou o esp\u00edrito. Como nota final, diremos que este Congresso se saldou pela positiva do conjunto de opini\u00f5es, reflex\u00f5es e encontro de interculturas que desfazem fronteiras e aproximam os povos. O Congresso seguinte, realizou-se em Paris em 1997.<\/p>\n<p>&nbsp;<\/p>\n","protected":false},"excerpt":{"rendered":"<p>De\u00a01994\u00a0a\u00a02008,\u00a0\u00a0a AIC\u00a0organizou o seu Congresso de 2 em 2 anos.\u00a0\u00a0Desde 2008,\u00a0\u00a0por delibera\u00e7\u00e3o da\u00a0Assembleia Geral,\u00a0\u00a0os congressos passaram a realizar-se de 3 em 3 anos. A\u00a0tem\u00e1tica est\u00e1 espelhada nos seus programas abaixo: Temas e datas dos Congressos da AIC realizados: \u00a01\u00ba &#8211; \u201cA Imprensa no Virar do S\u00e9culo\u201d (\u00c9vora \u2013 18 a 20Nov1994); 2\u00ba &#8211; \u201cAs Novas [&hellip;]<\/p>\n","protected":false},"author":1,"featured_media":0,"comment_status":"closed","ping_status":"closed","sticky":false,"template":"","format":"standard","meta":{"_et_pb_use_builder":"","_et_pb_old_content":"","_et_gb_content_width":"","footnotes":""},"categories":[6],"tags":[],"class_list":["post-7","post","type-post","status-publish","format-standard","hentry","category-congressos"],"_links":{"self":[{"href":"https:\/\/aiic.pt\/index.php\/wp-json\/wp\/v2\/posts\/7","targetHints":{"allow":["GET"]}}],"collection":[{"href":"https:\/\/aiic.pt\/index.php\/wp-json\/wp\/v2\/posts"}],"about":[{"href":"https:\/\/aiic.pt\/index.php\/wp-json\/wp\/v2\/types\/post"}],"author":[{"embeddable":true,"href":"https:\/\/aiic.pt\/index.php\/wp-json\/wp\/v2\/users\/1"}],"replies":[{"embeddable":true,"href":"https:\/\/aiic.pt\/index.php\/wp-json\/wp\/v2\/comments?post=7"}],"version-history":[{"count":19,"href":"https:\/\/aiic.pt\/index.php\/wp-json\/wp\/v2\/posts\/7\/revisions"}],"predecessor-version":[{"id":230,"href":"https:\/\/aiic.pt\/index.php\/wp-json\/wp\/v2\/posts\/7\/revisions\/230"}],"wp:attachment":[{"href":"https:\/\/aiic.pt\/index.php\/wp-json\/wp\/v2\/media?parent=7"}],"wp:term":[{"taxonomy":"category","embeddable":true,"href":"https:\/\/aiic.pt\/index.php\/wp-json\/wp\/v2\/categories?post=7"},{"taxonomy":"post_tag","embeddable":true,"href":"https:\/\/aiic.pt\/index.php\/wp-json\/wp\/v2\/tags?post=7"}],"curies":[{"name":"wp","href":"https:\/\/api.w.org\/{rel}","templated":true}]}}